{"id":861,"date":"2023-07-26T09:44:05","date_gmt":"2023-07-26T07:44:05","guid":{"rendered":"https:\/\/my996.fr\/?p=861"},"modified":"2024-09-22T15:47:41","modified_gmt":"2024-09-22T13:47:41","slug":"porsche-996-demontage-pare-chocs-avant-et-nettoyage-des-radiateurs","status":"publish","type":"post","link":"https:\/\/my996.fr\/?p=861","title":{"rendered":"Porsche 996 \u2013 D\u00e9montage pare-chocs avant et nettoyage des radiateurs"},"content":{"rendered":"\t\t<div data-elementor-type=\"wp-post\" data-elementor-id=\"861\" class=\"elementor elementor-861\" data-elementor-post-type=\"post\">\n\t\t\t\t<div class=\"elementor-element elementor-element-f40c286 e-flex e-con-boxed e-con e-parent\" data-id=\"f40c286\" data-element_type=\"container\" data-e-type=\"container\">\n\t\t\t\t\t<div class=\"e-con-inner\">\n\t\t\t\t<div class=\"elementor-element elementor-element-ee94522 elementor-widget elementor-widget-spacer\" data-id=\"ee94522\" data-element_type=\"widget\" data-e-type=\"widget\" data-widget_type=\"spacer.default\">\n\t\t\t\t<div class=\"elementor-widget-container\">\n\t\t\t\t\t\t\t<div class=\"elementor-spacer\">\n\t\t\t<div class=\"elementor-spacer-inner\"><\/div>\n\t\t<\/div>\n\t\t\t\t\t\t<\/div>\n\t\t\t\t<\/div>\n\t\t\t\t<div class=\"elementor-element elementor-element-b77c714 elementor-widget elementor-widget-text-editor\" data-id=\"b77c714\" data-element_type=\"widget\" data-e-type=\"widget\" data-widget_type=\"text-editor.default\">\n\t\t\t\t<div class=\"elementor-widget-container\">\n\t\t\t\t\t\t\t\t\t<p>Dans ce tutoriel vous d\u00e9couvrirez comment d\u00e9monter le pare chocs avant de votre Porsche 996, nous en profiterons pour nettoyer les radiateurs. La 911 type 996 est la premi\u00e8re Porsche \u00e9quip\u00e9 d\u2019un refroidissement \u00e0 eau, les premi\u00e8res versions notamment les 3.4L sont victimes de quelques erreurs de jeunesse.<\/p><p>Comme nous l&rsquo;avons expliqu\u00e9 dans l&rsquo;article traitant de la v\u00e9rification du bon fonctionnement des ventilateurs avant, il va sans dire qu\u2019un bon syst\u00e8me de refroidissement est essentiel pour garantir la sant\u00e9 du moteur.\u00a0<\/p><p>Il est donc important de nettoyer r\u00e9guli\u00e8rement que les entr\u00e9es d\u2019air avant, en v\u00e9rifiant qu&rsquo;elles ne sont pas obstru\u00e9es par des feuilles, de contr\u00f4ler l\u2019\u00e9tat des radiateurs (absence de fuites, de feuilles, de m\u00e9gots, etc.).<\/p>\t\t\t\t\t\t\t\t<\/div>\n\t\t\t\t<\/div>\n\t\t\t\t\t<\/div>\n\t\t\t\t<\/div>\n\t\t<div class=\"elementor-element elementor-element-30e6f33a e-flex e-con-boxed e-con e-parent\" data-id=\"30e6f33a\" data-element_type=\"container\" data-e-type=\"container\">\n\t\t\t\t\t<div class=\"e-con-inner\">\n\t\t<div class=\"elementor-element elementor-element-d3d50 e-con-full e-flex e-con e-child\" data-id=\"d3d50\" data-element_type=\"container\" data-e-type=\"container\">\n\t\t\t\t<div class=\"elementor-element elementor-element-2797a101 elementor-widget elementor-widget-progress\" data-id=\"2797a101\" data-element_type=\"widget\" data-e-type=\"widget\" data-widget_type=\"progress.default\">\n\t\t\t\t<div class=\"elementor-widget-container\">\n\t\t\t\t\t\t\t\t<span class=\"elementor-title\" id=\"elementor-progress-bar-2797a101\">\n\t\t\t\tDIFFICULT\u00c9\t\t\t<\/span>\n\t\t\n\t\t<div aria-labelledby=\"elementor-progress-bar-2797a101\" class=\"elementor-progress-wrapper\" role=\"progressbar\" aria-valuemin=\"0\" aria-valuemax=\"100\" aria-valuenow=\"20\">\n\t\t\t<div class=\"elementor-progress-bar\" data-max=\"20\">\n\t\t\t\t<span class=\"elementor-progress-text\"><\/span>\n\t\t\t\t\t\t\t<\/div>\n\t\t<\/div>\n\t\t\t\t\t\t<\/div>\n\t\t\t\t<\/div>\n\t\t\t\t<\/div>\n\t\t<div class=\"elementor-element elementor-element-7a550c2 e-con-full e-flex e-con e-child\" data-id=\"7a550c2\" data-element_type=\"container\" data-e-type=\"container\">\n\t\t\t\t<div class=\"elementor-element elementor-element-fc7ba8c elementor-widget elementor-widget-image\" data-id=\"fc7ba8c\" data-element_type=\"widget\" data-e-type=\"widget\" data-widget_type=\"image.default\">\n\t\t\t\t<div class=\"elementor-widget-container\">\n\t\t\t\t\t\t\t\t\t\t\t\t\t\t\t<img decoding=\"async\" width=\"150\" height=\"150\" src=\"https:\/\/my996.fr\/wp-content\/uploads\/2023\/07\/CHRONO-MASTER-2H-150x150.png\" class=\"attachment-thumbnail size-thumbnail wp-image-1676\" alt=\"\" srcset=\"https:\/\/my996.fr\/wp-content\/uploads\/2023\/07\/CHRONO-MASTER-2H-150x150.png.webp 150w, https:\/\/my996.fr\/wp-content\/uploads\/2023\/07\/CHRONO-MASTER-2H-300x300.png.webp 300w, https:\/\/my996.fr\/wp-content\/uploads\/2023\/07\/CHRONO-MASTER-2H-768x768.png.webp 768w, https:\/\/my996.fr\/wp-content\/uploads\/2023\/07\/CHRONO-MASTER-2H-600x600.png.webp 600w, https:\/\/my996.fr\/wp-content\/uploads\/2023\/07\/CHRONO-MASTER-2H-100x100.png.webp 100w, https:\/\/my996.fr\/wp-content\/uploads\/2023\/07\/CHRONO-MASTER-2H.png 1000w\" sizes=\"(max-width: 150px) 100vw, 150px\" \/>\t\t\t\t\t\t\t\t\t\t\t\t\t\t\t<\/div>\n\t\t\t\t<\/div>\n\t\t\t\t<\/div>\n\t\t\t\t\t<\/div>\n\t\t\t\t<\/div>\n\t\t<div class=\"elementor-element elementor-element-5f7971f e-flex e-con-boxed e-con e-parent\" data-id=\"5f7971f\" data-element_type=\"container\" data-e-type=\"container\">\n\t\t\t\t\t<div class=\"e-con-inner\">\n\t\t<div class=\"elementor-element elementor-element-4e98702 e-con-full e-flex e-con e-child\" data-id=\"4e98702\" data-element_type=\"container\" data-e-type=\"container\">\n\t\t\t\t<div class=\"elementor-element elementor-element-689bbf2 elementor-widget elementor-widget-text-editor\" data-id=\"689bbf2\" data-element_type=\"widget\" data-e-type=\"widget\" data-widget_type=\"text-editor.default\">\n\t\t\t\t<div class=\"elementor-widget-container\">\n\t\t\t\t\t\t\t\t\t<figure style=\"font-size: 16px; font-style: normal; font-weight: 400; text-align: justify;\"><\/figure>\n<figure style=\"font-size: 16px; font-style: normal; font-weight: 400; text-align: justify;\"><\/figure>\n<figure style=\"font-size: 16px; font-style: normal; font-weight: 400; text-align: justify;\"><span style=\"font-weight: bold; background-color: var(--ast-global-color-5); color: var(--ast-global-color-3); font-size: 1rem;\">Outillage n\u00e9cessaire :<\/span><\/figure>\n<figure style=\"font-size: 16px; font-style: normal; font-weight: 400; text-align: justify;\"><span style=\"font-weight: bold; background-color: var(--ast-global-color-5); color: var(--ast-global-color-3); font-size: 1rem;\">&nbsp;<\/span><\/figure>\n<figure style=\"text-align: justify;\">&#8211; C<span style=\"background-color: var(--ast-global-color-5);\">l\u00e9s torx de 6<\/span><\/figure>\n<figure style=\"text-align: justify;\"><span style=\"background-color: var(--ast-global-color-5);\">&#8211; Cl\u00e9s Allen&nbsp;de 3<\/span><\/figure>\n<figure style=\"text-align: justify;\">&#8211; Tournevis plat<\/figure>\n<figure style=\"text-align: justify;\">&#8211; Tournevis cruciforme<\/figure>\n<figure style=\"text-align: justify;\">&#8211; Un aspirateur<\/figure>\n<figure style=\"text-align: justify;\">&#8211; Outil de d\u00e9montage clip&nbsp;<a href=\"https:\/\/www.amazon.fr\/D%C3%A9montage-Installation-Garnitures-Garniture-Int%C3%A9rieure\/dp\/B0BCHZLDC5\/ref=sr_1_30?__mk_fr_FR=%C3%85M%C3%85%C5%BD%C3%95%C3%91&amp;crid=2WY4W0KGMW383&amp;keywords=outil+d%27extraction+clip&amp;qid=1692810928&amp;sprefix=outil+d%27extreaction+clip%2Caps%2C74&amp;sr=8-30\" target=\"_blank\" rel=\"noopener\">ICI<\/a><\/figure>\t\t\t\t\t\t\t\t<\/div>\n\t\t\t\t<\/div>\n\t\t\t\t<div class=\"elementor-element elementor-element-004d3e2 elementor-widget elementor-widget-heading\" data-id=\"004d3e2\" data-element_type=\"widget\" data-e-type=\"widget\" data-widget_type=\"heading.default\">\n\t\t\t\t<div class=\"elementor-widget-container\">\n\t\t\t\t\t<h2 class=\"elementor-heading-title elementor-size-default\">D\u00e9montage du pare-chocs avant<\/h2>\t\t\t\t<\/div>\n\t\t\t\t<\/div>\n\t\t\t\t<div class=\"elementor-element elementor-element-2866f06 elementor-widget elementor-widget-text-editor\" data-id=\"2866f06\" data-element_type=\"widget\" data-e-type=\"widget\" data-widget_type=\"text-editor.default\">\n\t\t\t\t<div class=\"elementor-widget-container\">\n\t\t\t\t\t\t\t\t\t<div style=\"text-align: justify;\">Pr\u00e9voir un endroit pour le d\u00e9poser (tr\u00e9teaux, couverture), et une deuxi\u00e8me personne pour le d\u00e9monter\/remonter sans l\u2019ab\u00eemer (Votre conjointe va adorer).<\/div><div style=\"text-align: justify;\">\u00a0<\/div><div style=\"text-align: justify;\">Le pare choc est fix\u00e9 par 15 vis qui sont r\u00e9partis selon le sch\u00e9ma suivant :\u00a0\u00a0<\/div>\t\t\t\t\t\t\t\t<\/div>\n\t\t\t\t<\/div>\n\t\t\t\t<div class=\"elementor-element elementor-element-a995243 elementor-widget elementor-widget-image-gallery\" data-id=\"a995243\" data-element_type=\"widget\" data-e-type=\"widget\" data-widget_type=\"image-gallery.default\">\n\t\t\t\t<div class=\"elementor-widget-container\">\n\t\t\t\t\t\t\t<div class=\"elementor-image-gallery\">\n\t\t\t<div id='gallery-1' class='gallery galleryid-861 gallery-columns-1 gallery-size-medium'><figure class='gallery-item'>\n\t\t\t<div class='gallery-icon landscape'>\n\t\t\t\t<a data-elementor-open-lightbox=\"yes\" data-elementor-lightbox-slideshow=\"a995243\" data-elementor-lightbox-title=\"D\u00e9montage pare-chocs avant porsche 996\" data-e-action-hash=\"#elementor-action%3Aaction%3Dlightbox%26settings%3DeyJpZCI6OTQ1LCJ1cmwiOiJodHRwczpcL1wvbXk5OTYuZnJcL3dwLWNvbnRlbnRcL3VwbG9hZHNcLzIwMjNcLzA4XC9JTUdfMTI1My1lMTY5MjgyNTUxNjQ1Ni5wbmciLCJzbGlkZXNob3ciOiJhOTk1MjQzIn0%3D\" href='https:\/\/my996.fr\/wp-content\/uploads\/2023\/08\/IMG_1253-e1692825516456.png'><img fetchpriority=\"high\" decoding=\"async\" width=\"300\" height=\"300\" src=\"https:\/\/my996.fr\/wp-content\/uploads\/2023\/08\/IMG_1253-e1692825516456-300x300.png\" class=\"attachment-medium size-medium\" alt=\"D\u00e9montage pare-chocs avant porsche 996\" srcset=\"https:\/\/my996.fr\/wp-content\/uploads\/2023\/08\/IMG_1253-e1692825516456-300x300.png.webp 300w, https:\/\/my996.fr\/wp-content\/uploads\/2023\/08\/IMG_1253-e1692825516456-1024x1024.png.webp 1024w, https:\/\/my996.fr\/wp-content\/uploads\/2023\/08\/IMG_1253-e1692825516456-150x150.png.webp 150w, https:\/\/my996.fr\/wp-content\/uploads\/2023\/08\/IMG_1253-e1692825516456-768x768.png.webp 768w, https:\/\/my996.fr\/wp-content\/uploads\/2023\/08\/IMG_1253-e1692825516456-600x600.png.webp 600w, https:\/\/my996.fr\/wp-content\/uploads\/2023\/08\/IMG_1253-e1692825516456-100x100.png.webp 100w, https:\/\/my996.fr\/wp-content\/uploads\/2023\/08\/IMG_1253-e1692825516456.png.webp 1401w\" sizes=\"(max-width: 300px) 100vw, 300px\" \/><\/a>\n\t\t\t<\/div><\/figure>\n\t\t<\/div>\n\t\t<\/div>\n\t\t\t\t\t\t<\/div>\n\t\t\t\t<\/div>\n\t\t\t\t<div class=\"elementor-element elementor-element-d05d4a4 elementor-widget elementor-widget-text-editor\" data-id=\"d05d4a4\" data-element_type=\"widget\" data-e-type=\"widget\" data-widget_type=\"text-editor.default\">\n\t\t\t\t<div class=\"elementor-widget-container\">\n\t\t\t\t\t\t\t\t\tD\u00e9pose des 2 rappels\u00a0de clignotants, soulever l&rsquo;arri\u00e8re du r\u00e9p\u00e9titeurs et le tirer. Ensuite d\u00e9brancher le faisceau et d\u00e9visser la vis de fixation.\t\t\t\t\t\t\t\t<\/div>\n\t\t\t\t<\/div>\n\t\t\t\t<div class=\"elementor-element elementor-element-d985fdc elementor-widget elementor-widget-image-gallery\" data-id=\"d985fdc\" data-element_type=\"widget\" data-e-type=\"widget\" data-widget_type=\"image-gallery.default\">\n\t\t\t\t<div class=\"elementor-widget-container\">\n\t\t\t\t\t\t\t<div class=\"elementor-image-gallery\">\n\t\t\t<div id='gallery-2' class='gallery galleryid-861 gallery-columns-2 gallery-size-medium'><figure class='gallery-item'>\n\t\t\t<div class='gallery-icon landscape'>\n\t\t\t\t<a data-elementor-open-lightbox=\"yes\" data-elementor-lightbox-slideshow=\"d985fdc\" data-elementor-lightbox-title=\"D\u00e9montage clignotants Porsche 996\" data-e-action-hash=\"#elementor-action%3Aaction%3Dlightbox%26settings%3DeyJpZCI6OTE1LCJ1cmwiOiJodHRwczpcL1wvbXk5OTYuZnJcL3dwLWNvbnRlbnRcL3VwbG9hZHNcLzIwMjNcLzA4XC9JTUdfMTI1MS1zY2FsZWQtZTE2OTI3OTQ4MzQyNzYuanBlZyIsInNsaWRlc2hvdyI6ImQ5ODVmZGMifQ%3D%3D\" href='https:\/\/my996.fr\/wp-content\/uploads\/2023\/08\/IMG_1251-scaled-e1692794834276.jpeg'><img decoding=\"async\" width=\"300\" height=\"300\" src=\"https:\/\/my996.fr\/wp-content\/uploads\/2023\/08\/IMG_1251-scaled-e1692794834276-300x300.jpeg\" class=\"attachment-medium size-medium\" alt=\"D\u00e9montage des clignotants Porsche 996\" srcset=\"https:\/\/my996.fr\/wp-content\/uploads\/2023\/08\/IMG_1251-scaled-e1692794834276-300x300.jpeg.webp 300w, https:\/\/my996.fr\/wp-content\/uploads\/2023\/08\/IMG_1251-scaled-e1692794834276-1024x1024.jpeg.webp 1024w, https:\/\/my996.fr\/wp-content\/uploads\/2023\/08\/IMG_1251-scaled-e1692794834276-150x150.jpeg.webp 150w, https:\/\/my996.fr\/wp-content\/uploads\/2023\/08\/IMG_1251-scaled-e1692794834276-768x768.jpeg.webp 768w, https:\/\/my996.fr\/wp-content\/uploads\/2023\/08\/IMG_1251-scaled-e1692794834276-1536x1536.jpeg.webp 1536w, https:\/\/my996.fr\/wp-content\/uploads\/2023\/08\/IMG_1251-scaled-e1692794834276-600x600.jpeg.webp 600w, https:\/\/my996.fr\/wp-content\/uploads\/2023\/08\/IMG_1251-scaled-e1692794834276-100x100.jpeg.webp 100w, https:\/\/my996.fr\/wp-content\/uploads\/2023\/08\/IMG_1251-scaled-e1692794834276.jpeg.webp 1920w\" sizes=\"(max-width: 300px) 100vw, 300px\" \/><\/a>\n\t\t\t<\/div><\/figure><figure class='gallery-item'>\n\t\t\t<div class='gallery-icon landscape'>\n\t\t\t\t<a data-elementor-open-lightbox=\"yes\" data-elementor-lightbox-slideshow=\"d985fdc\" data-elementor-lightbox-title=\"D\u00e9montage pare-chocs avant porsche 996\" data-e-action-hash=\"#elementor-action%3Aaction%3Dlightbox%26settings%3DeyJpZCI6OTQ2LCJ1cmwiOiJodHRwczpcL1wvbXk5OTYuZnJcL3dwLWNvbnRlbnRcL3VwbG9hZHNcLzIwMjNcLzA4XC9JTUdfMTI1MC1lMTY5MjgxOTg5ODI1MS5wbmciLCJzbGlkZXNob3ciOiJkOTg1ZmRjIn0%3D\" href='https:\/\/my996.fr\/wp-content\/uploads\/2023\/08\/IMG_1250-e1692819898251.png'><img loading=\"lazy\" decoding=\"async\" width=\"300\" height=\"300\" src=\"https:\/\/my996.fr\/wp-content\/uploads\/2023\/08\/IMG_1250-e1692819898251-300x300.png\" class=\"attachment-medium size-medium\" alt=\"D\u00e9montage pare-chocs avant porsche 996\" srcset=\"https:\/\/my996.fr\/wp-content\/uploads\/2023\/08\/IMG_1250-e1692819898251-300x300.png.webp 300w, https:\/\/my996.fr\/wp-content\/uploads\/2023\/08\/IMG_1250-e1692819898251-1024x1024.png.webp 1024w, https:\/\/my996.fr\/wp-content\/uploads\/2023\/08\/IMG_1250-e1692819898251-150x150.png.webp 150w, https:\/\/my996.fr\/wp-content\/uploads\/2023\/08\/IMG_1250-e1692819898251-768x768.png.webp 768w, https:\/\/my996.fr\/wp-content\/uploads\/2023\/08\/IMG_1250-e1692819898251-600x600.png.webp 600w, https:\/\/my996.fr\/wp-content\/uploads\/2023\/08\/IMG_1250-e1692819898251-100x100.png.webp 100w, https:\/\/my996.fr\/wp-content\/uploads\/2023\/08\/IMG_1250-e1692819898251.png.webp 1536w\" sizes=\"(max-width: 300px) 100vw, 300px\" \/><\/a>\n\t\t\t<\/div><\/figure>\n\t\t<\/div>\n\t\t<\/div>\n\t\t\t\t\t\t<\/div>\n\t\t\t\t<\/div>\n\t\t\t\t<div class=\"elementor-element elementor-element-00784d9 elementor-widget elementor-widget-text-editor\" data-id=\"00784d9\" data-element_type=\"widget\" data-e-type=\"widget\" data-widget_type=\"text-editor.default\">\n\t\t\t\t<div class=\"elementor-widget-container\">\n\t\t\t\t\t\t\t\t\t<p>Ensuite pour faciliter l&rsquo;extraction nous allons d\u00e9boiter les clips en plastique maintenant le garde boue il y en a 3, cela permettra de d\u00e9caler celui-ci pour lib\u00e9rer le pare choc.\u00a0<\/p>\t\t\t\t\t\t\t\t<\/div>\n\t\t\t\t<\/div>\n\t\t\t\t<div class=\"elementor-element elementor-element-2bc4f57 elementor-widget elementor-widget-image-gallery\" data-id=\"2bc4f57\" data-element_type=\"widget\" data-e-type=\"widget\" data-widget_type=\"image-gallery.default\">\n\t\t\t\t<div class=\"elementor-widget-container\">\n\t\t\t\t\t\t\t<div class=\"elementor-image-gallery\">\n\t\t\t<div id='gallery-3' class='gallery galleryid-861 gallery-columns-2 gallery-size-medium'><figure class='gallery-item'>\n\t\t\t<div class='gallery-icon landscape'>\n\t\t\t\t<a data-elementor-open-lightbox=\"yes\" data-elementor-lightbox-slideshow=\"2bc4f57\" data-elementor-lightbox-title=\"D\u00e9montage pare-chocs avant porsche 996\" data-e-action-hash=\"#elementor-action%3Aaction%3Dlightbox%26settings%3DeyJpZCI6OTIyLCJ1cmwiOiJodHRwczpcL1wvbXk5OTYuZnJcL3dwLWNvbnRlbnRcL3VwbG9hZHNcLzIwMjNcLzA4XC9JTUdfMTQyNS1lMTY5MjgxMDc3MjQ3MS5wbmciLCJzbGlkZXNob3ciOiIyYmM0ZjU3In0%3D\" href='https:\/\/my996.fr\/wp-content\/uploads\/2023\/08\/IMG_1425-e1692810772471.png'><img loading=\"lazy\" decoding=\"async\" width=\"300\" height=\"300\" src=\"https:\/\/my996.fr\/wp-content\/uploads\/2023\/08\/IMG_1425-e1692810772471-300x300.png\" class=\"attachment-medium size-medium\" alt=\"D\u00e9montage pare-chocs avant porsche 996\" aria-describedby=\"gallery-3-922\" srcset=\"https:\/\/my996.fr\/wp-content\/uploads\/2023\/08\/IMG_1425-e1692810772471-300x300.png.webp 300w, https:\/\/my996.fr\/wp-content\/uploads\/2023\/08\/IMG_1425-e1692810772471-1024x1024.png.webp 1024w, https:\/\/my996.fr\/wp-content\/uploads\/2023\/08\/IMG_1425-e1692810772471-150x150.png.webp 150w, https:\/\/my996.fr\/wp-content\/uploads\/2023\/08\/IMG_1425-e1692810772471-768x768.png.webp 768w, https:\/\/my996.fr\/wp-content\/uploads\/2023\/08\/IMG_1425-e1692810772471-600x600.png.webp 600w, https:\/\/my996.fr\/wp-content\/uploads\/2023\/08\/IMG_1425-e1692810772471-100x100.png.webp 100w, https:\/\/my996.fr\/wp-content\/uploads\/2023\/08\/IMG_1425-e1692810772471.png.webp 1536w\" sizes=\"(max-width: 300px) 100vw, 300px\" \/><\/a>\n\t\t\t<\/div>\n\t\t\t\t<figcaption class='wp-caption-text gallery-caption' id='gallery-3-922'>\n\t\t\t\t3 Clips\n\t\t\t\t<\/figcaption><\/figure><figure class='gallery-item'>\n\t\t\t<div class='gallery-icon landscape'>\n\t\t\t\t<a data-elementor-open-lightbox=\"yes\" data-elementor-lightbox-slideshow=\"2bc4f57\" data-elementor-lightbox-title=\"D\u00e9montage pare-chocs avant porsche 996\" data-e-action-hash=\"#elementor-action%3Aaction%3Dlightbox%26settings%3DeyJpZCI6OTIzLCJ1cmwiOiJodHRwczpcL1wvbXk5OTYuZnJcL3dwLWNvbnRlbnRcL3VwbG9hZHNcLzIwMjNcLzA4XC9JTUdfMTI2My1lMTY5MjgxMDc0ODg4Mi5qcGVnIiwic2xpZGVzaG93IjoiMmJjNGY1NyJ9\" href='https:\/\/my996.fr\/wp-content\/uploads\/2023\/08\/IMG_1263-e1692810748882.jpeg'><img loading=\"lazy\" decoding=\"async\" width=\"300\" height=\"300\" src=\"https:\/\/my996.fr\/wp-content\/uploads\/2023\/08\/IMG_1263-e1692810748882-300x300.jpeg\" class=\"attachment-medium size-medium\" alt=\"D\u00e9montage pare-chocs avant porsche 996\" aria-describedby=\"gallery-3-923\" srcset=\"https:\/\/my996.fr\/wp-content\/uploads\/2023\/08\/IMG_1263-e1692810748882-300x300.jpeg.webp 300w, https:\/\/my996.fr\/wp-content\/uploads\/2023\/08\/IMG_1263-e1692810748882-1024x1024.jpeg.webp 1024w, https:\/\/my996.fr\/wp-content\/uploads\/2023\/08\/IMG_1263-e1692810748882-150x150.jpeg.webp 150w, https:\/\/my996.fr\/wp-content\/uploads\/2023\/08\/IMG_1263-e1692810748882-768x768.jpeg.webp 768w, https:\/\/my996.fr\/wp-content\/uploads\/2023\/08\/IMG_1263-e1692810748882-600x600.jpeg.webp 600w, https:\/\/my996.fr\/wp-content\/uploads\/2023\/08\/IMG_1263-e1692810748882-100x100.jpeg.webp 100w, https:\/\/my996.fr\/wp-content\/uploads\/2023\/08\/IMG_1263-e1692810748882.jpeg.webp 1536w\" sizes=\"(max-width: 300px) 100vw, 300px\" \/><\/a>\n\t\t\t<\/div>\n\t\t\t\t<figcaption class='wp-caption-text gallery-caption' id='gallery-3-923'>\n\t\t\t\tOutil de d\u00e9montage des clips\n\t\t\t\t<\/figcaption><\/figure>\n\t\t<\/div>\n\t\t<\/div>\n\t\t\t\t\t\t<\/div>\n\t\t\t\t<\/div>\n\t\t\t\t<div class=\"elementor-element elementor-element-e319d23 elementor-widget elementor-widget-text-editor\" data-id=\"e319d23\" data-element_type=\"widget\" data-e-type=\"widget\" data-widget_type=\"text-editor.default\">\n\t\t\t\t<div class=\"elementor-widget-container\">\n\t\t\t\t\t\t\t\t\t<p>Enlever le cache de protection situ\u00e9 sous le capot du coffre, le cache est maintenu par 4 vis en plastique. Avec une cl\u00e9 allen j&rsquo;ai r\u00e9ussi \u00e0 extraire les 4.<\/p>\t\t\t\t\t\t\t\t<\/div>\n\t\t\t\t<\/div>\n\t\t\t\t<div class=\"elementor-element elementor-element-f4718e7 elementor-widget elementor-widget-image-gallery\" data-id=\"f4718e7\" data-element_type=\"widget\" data-e-type=\"widget\" data-widget_type=\"image-gallery.default\">\n\t\t\t\t<div class=\"elementor-widget-container\">\n\t\t\t\t\t\t\t<div class=\"elementor-image-gallery\">\n\t\t\t<div id='gallery-4' class='gallery galleryid-861 gallery-columns-2 gallery-size-medium'><figure class='gallery-item'>\n\t\t\t<div class='gallery-icon landscape'>\n\t\t\t\t<a data-elementor-open-lightbox=\"yes\" data-elementor-lightbox-slideshow=\"f4718e7\" data-elementor-lightbox-title=\"D\u00e9montage pare-chocs avant porsche 996\" data-e-action-hash=\"#elementor-action%3Aaction%3Dlightbox%26settings%3DeyJpZCI6OTI3LCJ1cmwiOiJodHRwczpcL1wvbXk5OTYuZnJcL3dwLWNvbnRlbnRcL3VwbG9hZHNcLzIwMjNcLzA4XC8xLWUxNjkyODEyMDk2NDMyLnBuZyIsInNsaWRlc2hvdyI6ImY0NzE4ZTcifQ%3D%3D\" href='https:\/\/my996.fr\/wp-content\/uploads\/2023\/08\/1-e1692812096432.png'><img loading=\"lazy\" decoding=\"async\" width=\"300\" height=\"300\" src=\"https:\/\/my996.fr\/wp-content\/uploads\/2023\/08\/1-e1692812096432-300x300.png\" class=\"attachment-medium size-medium\" alt=\"D\u00e9montage pare-chocs avant porsche 996\" srcset=\"https:\/\/my996.fr\/wp-content\/uploads\/2023\/08\/1-e1692812096432-300x300.png.webp 300w, https:\/\/my996.fr\/wp-content\/uploads\/2023\/08\/1-e1692812096432-1024x1024.png.webp 1024w, https:\/\/my996.fr\/wp-content\/uploads\/2023\/08\/1-e1692812096432-150x150.png.webp 150w, https:\/\/my996.fr\/wp-content\/uploads\/2023\/08\/1-e1692812096432-768x768.png.webp 768w, https:\/\/my996.fr\/wp-content\/uploads\/2023\/08\/1-e1692812096432-600x600.png.webp 600w, https:\/\/my996.fr\/wp-content\/uploads\/2023\/08\/1-e1692812096432-100x100.png.webp 100w, https:\/\/my996.fr\/wp-content\/uploads\/2023\/08\/1-e1692812096432.png.webp 1536w\" sizes=\"(max-width: 300px) 100vw, 300px\" \/><\/a>\n\t\t\t<\/div><\/figure><figure class='gallery-item'>\n\t\t\t<div class='gallery-icon landscape'>\n\t\t\t\t<a data-elementor-open-lightbox=\"yes\" data-elementor-lightbox-slideshow=\"f4718e7\" data-elementor-lightbox-title=\"D\u00e9montage pare-chocs avant porsche 996\" data-e-action-hash=\"#elementor-action%3Aaction%3Dlightbox%26settings%3DeyJpZCI6OTI4LCJ1cmwiOiJodHRwczpcL1wvbXk5OTYuZnJcL3dwLWNvbnRlbnRcL3VwbG9hZHNcLzIwMjNcLzA4XC9JTUdfMTI1NS1lMTY5MjgxMjE2MjkzMi5qcGVnIiwic2xpZGVzaG93IjoiZjQ3MThlNyJ9\" href='https:\/\/my996.fr\/wp-content\/uploads\/2023\/08\/IMG_1255-e1692812162932.jpeg'><img loading=\"lazy\" decoding=\"async\" width=\"300\" height=\"300\" src=\"https:\/\/my996.fr\/wp-content\/uploads\/2023\/08\/IMG_1255-e1692812162932-300x300.jpeg\" class=\"attachment-medium size-medium\" alt=\"D\u00e9montage pare-chocs avant porsche 996\" aria-describedby=\"gallery-4-928\" srcset=\"https:\/\/my996.fr\/wp-content\/uploads\/2023\/08\/IMG_1255-e1692812162932-300x300.jpeg.webp 300w, https:\/\/my996.fr\/wp-content\/uploads\/2023\/08\/IMG_1255-e1692812162932-1024x1024.jpeg.webp 1024w, https:\/\/my996.fr\/wp-content\/uploads\/2023\/08\/IMG_1255-e1692812162932-150x150.jpeg.webp 150w, https:\/\/my996.fr\/wp-content\/uploads\/2023\/08\/IMG_1255-e1692812162932-768x768.jpeg.webp 768w, https:\/\/my996.fr\/wp-content\/uploads\/2023\/08\/IMG_1255-e1692812162932-600x600.jpeg.webp 600w, https:\/\/my996.fr\/wp-content\/uploads\/2023\/08\/IMG_1255-e1692812162932-100x100.jpeg.webp 100w, https:\/\/my996.fr\/wp-content\/uploads\/2023\/08\/IMG_1255-e1692812162932.jpeg.webp 1536w\" sizes=\"(max-width: 300px) 100vw, 300px\" \/><\/a>\n\t\t\t<\/div>\n\t\t\t\t<figcaption class='wp-caption-text gallery-caption' id='gallery-4-928'>\n\t\t\t\tLa vis est bien ab\u00eem\u00e9e !\n\t\t\t\t<\/figcaption><\/figure>\n\t\t<\/div>\n\t\t<\/div>\n\t\t\t\t\t\t<\/div>\n\t\t\t\t<\/div>\n\t\t\t\t<div class=\"elementor-element elementor-element-e891f90 elementor-widget elementor-widget-text-editor\" data-id=\"e891f90\" data-element_type=\"widget\" data-e-type=\"widget\" data-widget_type=\"text-editor.default\">\n\t\t\t\t<div class=\"elementor-widget-container\">\n\t\t\t\t\t\t\t\t\t<p>Nous pouvons maintenant extraire la plaque de protection et acc\u00e9der au 2 vis de maintient. il est judicieux de les laisser jusqu&rsquo;\u00e0 la derni\u00e8re \u00e9tape du d\u00e9montage afin de maintenir le pare choc et d&rsquo;\u00e9viter une chute soudaine de celui-ci.<\/p>\t\t\t\t\t\t\t\t<\/div>\n\t\t\t\t<\/div>\n\t\t\t\t<div class=\"elementor-element elementor-element-de567a0 elementor-widget elementor-widget-image-gallery\" data-id=\"de567a0\" data-element_type=\"widget\" data-e-type=\"widget\" data-widget_type=\"image-gallery.default\">\n\t\t\t\t<div class=\"elementor-widget-container\">\n\t\t\t\t\t\t\t<div class=\"elementor-image-gallery\">\n\t\t\t<div id='gallery-5' class='gallery galleryid-861 gallery-columns-1 gallery-size-medium'><figure class='gallery-item'>\n\t\t\t<div class='gallery-icon landscape'>\n\t\t\t\t<a data-elementor-open-lightbox=\"yes\" data-elementor-lightbox-slideshow=\"de567a0\" data-elementor-lightbox-title=\"D\u00e9montage pare-chocs avant porsche 996\" data-e-action-hash=\"#elementor-action%3Aaction%3Dlightbox%26settings%3DeyJpZCI6OTMwLCJ1cmwiOiJodHRwczpcL1wvbXk5OTYuZnJcL3dwLWNvbnRlbnRcL3VwbG9hZHNcLzIwMjNcLzA4XC8yLWUxNjkyODEyNTk1OTYwLnBuZyIsInNsaWRlc2hvdyI6ImRlNTY3YTAifQ%3D%3D\" href='https:\/\/my996.fr\/wp-content\/uploads\/2023\/08\/2-e1692812595960.png'><img loading=\"lazy\" decoding=\"async\" width=\"300\" height=\"300\" src=\"https:\/\/my996.fr\/wp-content\/uploads\/2023\/08\/2-e1692812595960-300x300.png\" class=\"attachment-medium size-medium\" alt=\"D\u00e9montage pare-chocs avant porsche 996\" srcset=\"https:\/\/my996.fr\/wp-content\/uploads\/2023\/08\/2-e1692812595960-300x300.png.webp 300w, https:\/\/my996.fr\/wp-content\/uploads\/2023\/08\/2-e1692812595960-1024x1024.png.webp 1024w, https:\/\/my996.fr\/wp-content\/uploads\/2023\/08\/2-e1692812595960-150x150.png.webp 150w, https:\/\/my996.fr\/wp-content\/uploads\/2023\/08\/2-e1692812595960-768x768.png.webp 768w, https:\/\/my996.fr\/wp-content\/uploads\/2023\/08\/2-e1692812595960-600x600.png.webp 600w, https:\/\/my996.fr\/wp-content\/uploads\/2023\/08\/2-e1692812595960-100x100.png.webp 100w, https:\/\/my996.fr\/wp-content\/uploads\/2023\/08\/2-e1692812595960.png.webp 1536w\" sizes=\"(max-width: 300px) 100vw, 300px\" \/><\/a>\n\t\t\t<\/div><\/figure>\n\t\t<\/div>\n\t\t<\/div>\n\t\t\t\t\t\t<\/div>\n\t\t\t\t<\/div>\n\t\t\t\t<div class=\"elementor-element elementor-element-72eab29 elementor-widget elementor-widget-text-editor\" data-id=\"72eab29\" data-element_type=\"widget\" data-e-type=\"widget\" data-widget_type=\"text-editor.default\">\n\t\t\t\t<div class=\"elementor-widget-container\">\n\t\t\t\t\t\t\t\t\t<p>D\u00e9vissons maintenant la vis de maintient situ\u00e9e dans l&rsquo;aile, il faut pour cela d\u00e9caler le pare boue et y faufiler un tournevis ! Faire de m\u00eame pour le c\u00f4t\u00e9 droit.<\/p>\t\t\t\t\t\t\t\t<\/div>\n\t\t\t\t<\/div>\n\t\t\t\t<div class=\"elementor-element elementor-element-195d872 elementor-widget elementor-widget-image-gallery\" data-id=\"195d872\" data-element_type=\"widget\" data-e-type=\"widget\" data-widget_type=\"image-gallery.default\">\n\t\t\t\t<div class=\"elementor-widget-container\">\n\t\t\t\t\t\t\t<div class=\"elementor-image-gallery\">\n\t\t\t<div id='gallery-6' class='gallery galleryid-861 gallery-columns-1 gallery-size-medium'><figure class='gallery-item'>\n\t\t\t<div class='gallery-icon landscape'>\n\t\t\t\t<a data-elementor-open-lightbox=\"yes\" data-elementor-lightbox-slideshow=\"195d872\" data-elementor-lightbox-title=\"D\u00e9montage pare-chocs avant porsche 996\" data-e-action-hash=\"#elementor-action%3Aaction%3Dlightbox%26settings%3DeyJpZCI6OTM4LCJ1cmwiOiJodHRwczpcL1wvbXk5OTYuZnJcL3dwLWNvbnRlbnRcL3VwbG9hZHNcLzIwMjNcLzA4XC9JTUdfMTI2Ni1lMTY5MjgxMzkyMDg5NC5wbmciLCJzbGlkZXNob3ciOiIxOTVkODcyIn0%3D\" href='https:\/\/my996.fr\/wp-content\/uploads\/2023\/08\/IMG_1266-e1692813920894.png'><img loading=\"lazy\" decoding=\"async\" width=\"300\" height=\"300\" src=\"https:\/\/my996.fr\/wp-content\/uploads\/2023\/08\/IMG_1266-e1692813920894-300x300.png\" class=\"attachment-medium size-medium\" alt=\"D\u00e9montage pare-chocs avant porsche 996\" srcset=\"https:\/\/my996.fr\/wp-content\/uploads\/2023\/08\/IMG_1266-e1692813920894-300x300.png.webp 300w, https:\/\/my996.fr\/wp-content\/uploads\/2023\/08\/IMG_1266-e1692813920894-1024x1024.png.webp 1024w, https:\/\/my996.fr\/wp-content\/uploads\/2023\/08\/IMG_1266-e1692813920894-150x150.png.webp 150w, https:\/\/my996.fr\/wp-content\/uploads\/2023\/08\/IMG_1266-e1692813920894-768x768.png.webp 768w, https:\/\/my996.fr\/wp-content\/uploads\/2023\/08\/IMG_1266-e1692813920894-600x600.png.webp 600w, https:\/\/my996.fr\/wp-content\/uploads\/2023\/08\/IMG_1266-e1692813920894-100x100.png.webp 100w, https:\/\/my996.fr\/wp-content\/uploads\/2023\/08\/IMG_1266-e1692813920894.png.webp 1536w\" sizes=\"(max-width: 300px) 100vw, 300px\" \/><\/a>\n\t\t\t<\/div><\/figure>\n\t\t<\/div>\n\t\t<\/div>\n\t\t\t\t\t\t<\/div>\n\t\t\t\t<\/div>\n\t\t\t\t<div class=\"elementor-element elementor-element-6dcf1f7 elementor-widget elementor-widget-text-editor\" data-id=\"6dcf1f7\" data-element_type=\"widget\" data-e-type=\"widget\" data-widget_type=\"text-editor.default\">\n\t\t\t\t<div class=\"elementor-widget-container\">\n\t\t\t\t\t\t\t\t\tEnsuite il faut d\u00e9visser les 2 vis situ\u00e9es en dessous du pare choc \u00e0 gauche. Faire de m\u00eame pour le c\u00f4t\u00e9 droit.\t\t\t\t\t\t\t\t<\/div>\n\t\t\t\t<\/div>\n\t\t\t\t<div class=\"elementor-element elementor-element-53fb77f elementor-widget elementor-widget-image-gallery\" data-id=\"53fb77f\" data-element_type=\"widget\" data-e-type=\"widget\" data-widget_type=\"image-gallery.default\">\n\t\t\t\t<div class=\"elementor-widget-container\">\n\t\t\t\t\t\t\t<div class=\"elementor-image-gallery\">\n\t\t\t<div id='gallery-7' class='gallery galleryid-861 gallery-columns-1 gallery-size-medium'><figure class='gallery-item'>\n\t\t\t<div class='gallery-icon landscape'>\n\t\t\t\t<a data-elementor-open-lightbox=\"yes\" data-elementor-lightbox-slideshow=\"53fb77f\" data-elementor-lightbox-title=\"D\u00e9montage pare-chocs avant porsche 996\" data-e-action-hash=\"#elementor-action%3Aaction%3Dlightbox%26settings%3DeyJpZCI6OTM5LCJ1cmwiOiJodHRwczpcL1wvbXk5OTYuZnJcL3dwLWNvbnRlbnRcL3VwbG9hZHNcLzIwMjNcLzA4XC9JTUdfMTI1OS1lMTY5MjgxNDM4MzIzMy5wbmciLCJzbGlkZXNob3ciOiI1M2ZiNzdmIn0%3D\" href='https:\/\/my996.fr\/wp-content\/uploads\/2023\/08\/IMG_1259-e1692814383233.png'><img loading=\"lazy\" decoding=\"async\" width=\"300\" height=\"300\" src=\"https:\/\/my996.fr\/wp-content\/uploads\/2023\/08\/IMG_1259-e1692814383233-300x300.png\" class=\"attachment-medium size-medium\" alt=\"D\u00e9montage pare-chocs avant porsche 996\" srcset=\"https:\/\/my996.fr\/wp-content\/uploads\/2023\/08\/IMG_1259-e1692814383233-300x300.png.webp 300w, https:\/\/my996.fr\/wp-content\/uploads\/2023\/08\/IMG_1259-e1692814383233-1024x1024.png.webp 1024w, https:\/\/my996.fr\/wp-content\/uploads\/2023\/08\/IMG_1259-e1692814383233-150x150.png.webp 150w, https:\/\/my996.fr\/wp-content\/uploads\/2023\/08\/IMG_1259-e1692814383233-768x768.png.webp 768w, https:\/\/my996.fr\/wp-content\/uploads\/2023\/08\/IMG_1259-e1692814383233-600x600.png.webp 600w, https:\/\/my996.fr\/wp-content\/uploads\/2023\/08\/IMG_1259-e1692814383233-100x100.png.webp 100w, https:\/\/my996.fr\/wp-content\/uploads\/2023\/08\/IMG_1259-e1692814383233.png.webp 1536w\" sizes=\"(max-width: 300px) 100vw, 300px\" \/><\/a>\n\t\t\t<\/div><\/figure>\n\t\t<\/div>\n\t\t<\/div>\n\t\t\t\t\t\t<\/div>\n\t\t\t\t<\/div>\n\t\t\t\t<div class=\"elementor-element elementor-element-be8adb0 elementor-widget elementor-widget-text-editor\" data-id=\"be8adb0\" data-element_type=\"widget\" data-e-type=\"widget\" data-widget_type=\"text-editor.default\">\n\t\t\t\t<div class=\"elementor-widget-container\">\n\t\t\t\t\t\t\t\t\t<p>Une vis est pr\u00e9sente un peu plus loin, la d\u00e9visser et faire de m\u00eame pour le c\u00f4t\u00e9 droit.<\/p>\t\t\t\t\t\t\t\t<\/div>\n\t\t\t\t<\/div>\n\t\t\t\t<div class=\"elementor-element elementor-element-65737eb elementor-widget elementor-widget-image-gallery\" data-id=\"65737eb\" data-element_type=\"widget\" data-e-type=\"widget\" data-widget_type=\"image-gallery.default\">\n\t\t\t\t<div class=\"elementor-widget-container\">\n\t\t\t\t\t\t\t<div class=\"elementor-image-gallery\">\n\t\t\t<div id='gallery-8' class='gallery galleryid-861 gallery-columns-1 gallery-size-medium'><figure class='gallery-item'>\n\t\t\t<div class='gallery-icon landscape'>\n\t\t\t\t<a data-elementor-open-lightbox=\"yes\" data-elementor-lightbox-slideshow=\"65737eb\" data-elementor-lightbox-title=\"D\u00e9montage pare-chocs avant porsche 996\" data-e-action-hash=\"#elementor-action%3Aaction%3Dlightbox%26settings%3DeyJpZCI6OTQxLCJ1cmwiOiJodHRwczpcL1wvbXk5OTYuZnJcL3dwLWNvbnRlbnRcL3VwbG9hZHNcLzIwMjNcLzA4XC9JTUdfMTI2MC1lMTY5MjgxNDcyNjg4OC5wbmciLCJzbGlkZXNob3ciOiI2NTczN2ViIn0%3D\" href='https:\/\/my996.fr\/wp-content\/uploads\/2023\/08\/IMG_1260-e1692814726888.png'><img loading=\"lazy\" decoding=\"async\" width=\"300\" height=\"300\" src=\"https:\/\/my996.fr\/wp-content\/uploads\/2023\/08\/IMG_1260-e1692814726888-300x300.png\" class=\"attachment-medium size-medium\" alt=\"D\u00e9montage pare-chocs avant porsche 996\" srcset=\"https:\/\/my996.fr\/wp-content\/uploads\/2023\/08\/IMG_1260-e1692814726888-300x300.png.webp 300w, https:\/\/my996.fr\/wp-content\/uploads\/2023\/08\/IMG_1260-e1692814726888-1024x1024.png.webp 1024w, https:\/\/my996.fr\/wp-content\/uploads\/2023\/08\/IMG_1260-e1692814726888-150x150.png.webp 150w, https:\/\/my996.fr\/wp-content\/uploads\/2023\/08\/IMG_1260-e1692814726888-768x768.png.webp 768w, https:\/\/my996.fr\/wp-content\/uploads\/2023\/08\/IMG_1260-e1692814726888-600x600.png.webp 600w, https:\/\/my996.fr\/wp-content\/uploads\/2023\/08\/IMG_1260-e1692814726888-100x100.png.webp 100w, https:\/\/my996.fr\/wp-content\/uploads\/2023\/08\/IMG_1260-e1692814726888.png.webp 1536w\" sizes=\"(max-width: 300px) 100vw, 300px\" \/><\/a>\n\t\t\t<\/div><\/figure>\n\t\t<\/div>\n\t\t<\/div>\n\t\t\t\t\t\t<\/div>\n\t\t\t\t<\/div>\n\t\t\t\t<div class=\"elementor-element elementor-element-2c4de83 elementor-widget elementor-widget-text-editor\" data-id=\"2c4de83\" data-element_type=\"widget\" data-e-type=\"widget\" data-widget_type=\"text-editor.default\">\n\t\t\t\t<div class=\"elementor-widget-container\">\n\t\t\t\t\t\t\t\t\t<p>Maintenant, nous pouvons d\u00e9visser les 3 vis situ\u00e9es au centre du pare choc.<\/p>\t\t\t\t\t\t\t\t<\/div>\n\t\t\t\t<\/div>\n\t\t\t\t<div class=\"elementor-element elementor-element-6ecf6eb elementor-widget elementor-widget-image-gallery\" data-id=\"6ecf6eb\" data-element_type=\"widget\" data-e-type=\"widget\" data-widget_type=\"image-gallery.default\">\n\t\t\t\t<div class=\"elementor-widget-container\">\n\t\t\t\t\t\t\t<div class=\"elementor-image-gallery\">\n\t\t\t<div id='gallery-9' class='gallery galleryid-861 gallery-columns-1 gallery-size-medium'><figure class='gallery-item'>\n\t\t\t<div class='gallery-icon landscape'>\n\t\t\t\t<a data-elementor-open-lightbox=\"yes\" data-elementor-lightbox-slideshow=\"6ecf6eb\" data-elementor-lightbox-title=\"D\u00e9montage pare-chocs avant porsche 996\" data-e-action-hash=\"#elementor-action%3Aaction%3Dlightbox%26settings%3DeyJpZCI6OTQwLCJ1cmwiOiJodHRwczpcL1wvbXk5OTYuZnJcL3dwLWNvbnRlbnRcL3VwbG9hZHNcLzIwMjNcLzA4XC9JTUdfMTI2MS1lMTY5MjgxNDY5NzYwNi5wbmciLCJzbGlkZXNob3ciOiI2ZWNmNmViIn0%3D\" href='https:\/\/my996.fr\/wp-content\/uploads\/2023\/08\/IMG_1261-e1692814697606.png'><img loading=\"lazy\" decoding=\"async\" width=\"300\" height=\"300\" src=\"https:\/\/my996.fr\/wp-content\/uploads\/2023\/08\/IMG_1261-e1692814697606-300x300.png\" class=\"attachment-medium size-medium\" alt=\"D\u00e9montage pare-chocs avant porsche 996\" srcset=\"https:\/\/my996.fr\/wp-content\/uploads\/2023\/08\/IMG_1261-e1692814697606-300x300.png.webp 300w, https:\/\/my996.fr\/wp-content\/uploads\/2023\/08\/IMG_1261-e1692814697606-1024x1024.png.webp 1024w, https:\/\/my996.fr\/wp-content\/uploads\/2023\/08\/IMG_1261-e1692814697606-150x150.png.webp 150w, https:\/\/my996.fr\/wp-content\/uploads\/2023\/08\/IMG_1261-e1692814697606-768x768.png.webp 768w, https:\/\/my996.fr\/wp-content\/uploads\/2023\/08\/IMG_1261-e1692814697606-600x600.png.webp 600w, https:\/\/my996.fr\/wp-content\/uploads\/2023\/08\/IMG_1261-e1692814697606-100x100.png.webp 100w, https:\/\/my996.fr\/wp-content\/uploads\/2023\/08\/IMG_1261-e1692814697606.png.webp 1536w\" sizes=\"(max-width: 300px) 100vw, 300px\" \/><\/a>\n\t\t\t<\/div><\/figure>\n\t\t<\/div>\n\t\t<\/div>\n\t\t\t\t\t\t<\/div>\n\t\t\t\t<\/div>\n\t\t\t\t<div class=\"elementor-element elementor-element-f83a16d elementor-widget elementor-widget-text-editor\" data-id=\"f83a16d\" data-element_type=\"widget\" data-e-type=\"widget\" data-widget_type=\"text-editor.default\">\n\t\t\t\t<div class=\"elementor-widget-container\">\n\t\t\t\t\t\t\t\t\tNous pouvons maintenant d\u00e9visser les 2 vis sous la plaque de protection que nous avons laiss\u00e9 pour maintenir le pare choc.\t\t\t\t\t\t\t\t<\/div>\n\t\t\t\t<\/div>\n\t\t\t\t<div class=\"elementor-element elementor-element-a5d6671 elementor-widget elementor-widget-image-gallery\" data-id=\"a5d6671\" data-element_type=\"widget\" data-e-type=\"widget\" data-widget_type=\"image-gallery.default\">\n\t\t\t\t<div class=\"elementor-widget-container\">\n\t\t\t\t\t\t\t<div class=\"elementor-image-gallery\">\n\t\t\t<div id='gallery-10' class='gallery galleryid-861 gallery-columns-1 gallery-size-medium'><figure class='gallery-item'>\n\t\t\t<div class='gallery-icon landscape'>\n\t\t\t\t<a data-elementor-open-lightbox=\"yes\" data-elementor-lightbox-slideshow=\"a5d6671\" data-elementor-lightbox-title=\"D\u00e9montage pare-chocs avant porsche 996\" data-e-action-hash=\"#elementor-action%3Aaction%3Dlightbox%26settings%3DeyJpZCI6OTMwLCJ1cmwiOiJodHRwczpcL1wvbXk5OTYuZnJcL3dwLWNvbnRlbnRcL3VwbG9hZHNcLzIwMjNcLzA4XC8yLWUxNjkyODEyNTk1OTYwLnBuZyIsInNsaWRlc2hvdyI6ImE1ZDY2NzEifQ%3D%3D\" href='https:\/\/my996.fr\/wp-content\/uploads\/2023\/08\/2-e1692812595960.png'><img loading=\"lazy\" decoding=\"async\" width=\"300\" height=\"300\" src=\"https:\/\/my996.fr\/wp-content\/uploads\/2023\/08\/2-e1692812595960-300x300.png\" class=\"attachment-medium size-medium\" alt=\"D\u00e9montage pare-chocs avant porsche 996\" srcset=\"https:\/\/my996.fr\/wp-content\/uploads\/2023\/08\/2-e1692812595960-300x300.png.webp 300w, https:\/\/my996.fr\/wp-content\/uploads\/2023\/08\/2-e1692812595960-1024x1024.png.webp 1024w, https:\/\/my996.fr\/wp-content\/uploads\/2023\/08\/2-e1692812595960-150x150.png.webp 150w, https:\/\/my996.fr\/wp-content\/uploads\/2023\/08\/2-e1692812595960-768x768.png.webp 768w, https:\/\/my996.fr\/wp-content\/uploads\/2023\/08\/2-e1692812595960-600x600.png.webp 600w, https:\/\/my996.fr\/wp-content\/uploads\/2023\/08\/2-e1692812595960-100x100.png.webp 100w, https:\/\/my996.fr\/wp-content\/uploads\/2023\/08\/2-e1692812595960.png.webp 1536w\" sizes=\"(max-width: 300px) 100vw, 300px\" \/><\/a>\n\t\t\t<\/div><\/figure>\n\t\t<\/div>\n\t\t<\/div>\n\t\t\t\t\t\t<\/div>\n\t\t\t\t<\/div>\n\t\t\t\t<div class=\"elementor-element elementor-element-5d3cddd elementor-widget elementor-widget-text-editor\" data-id=\"5d3cddd\" data-element_type=\"widget\" data-e-type=\"widget\" data-widget_type=\"text-editor.default\">\n\t\t\t\t<div class=\"elementor-widget-container\">\n\t\t\t\t\t\t\t\t\tIl est maintenant possible de retirer le pare choc, attention \u00e0 ne pas oublier la d\u00e9pose de la sonde de temp\u00e9rature qui est toujours reli\u00e9 au pare-chocs. Pr\u00e9voir une couverture pour ne pas l&rsquo;ab\u00eemer.<\/span>\t\t\t\t\t\t\t\t<\/div>\n\t\t\t\t<\/div>\n\t\t\t\t<div class=\"elementor-element elementor-element-3d03722 elementor-widget elementor-widget-heading\" data-id=\"3d03722\" data-element_type=\"widget\" data-e-type=\"widget\" data-widget_type=\"heading.default\">\n\t\t\t\t<div class=\"elementor-widget-container\">\n\t\t\t\t\t<h2 class=\"elementor-heading-title elementor-size-default\"><span style=\"text-align: justify\">D\u00e9pose du diffuseur d'air et du condensateur<\/span><\/h2>\t\t\t\t<\/div>\n\t\t\t\t<\/div>\n\t\t\t\t<div class=\"elementor-element elementor-element-c585bcd elementor-widget__width-initial elementor-widget elementor-widget-text-editor\" data-id=\"c585bcd\" data-element_type=\"widget\" data-e-type=\"widget\" data-widget_type=\"text-editor.default\">\n\t\t\t\t<div class=\"elementor-widget-container\">\n\t\t\t\t\t\t\t\t\t<p>D\u00e9poser le diffuseur d\u2019air maintenu par 5 vis torx, vous avez maintenant acc\u00e8s au condensateur qui est&nbsp;maintenue par 2 vis torx.<\/p>\t\t\t\t\t\t\t\t<\/div>\n\t\t\t\t<\/div>\n\t\t\t\t<div class=\"elementor-element elementor-element-cb66a9a elementor-widget elementor-widget-image-gallery\" data-id=\"cb66a9a\" data-element_type=\"widget\" data-e-type=\"widget\" data-widget_type=\"image-gallery.default\">\n\t\t\t\t<div class=\"elementor-widget-container\">\n\t\t\t\t\t\t\t<div class=\"elementor-image-gallery\">\n\t\t\t<div id='gallery-11' class='gallery galleryid-861 gallery-columns-2 gallery-size-medium'><figure class='gallery-item'>\n\t\t\t<div class='gallery-icon landscape'>\n\t\t\t\t<a data-elementor-open-lightbox=\"yes\" data-elementor-lightbox-slideshow=\"cb66a9a\" data-elementor-lightbox-title=\"Nettoyage des radiateurs  porsche 996\" data-e-action-hash=\"#elementor-action%3Aaction%3Dlightbox%26settings%3DeyJpZCI6OTUwLCJ1cmwiOiJodHRwczpcL1wvbXk5OTYuZnJcL3dwLWNvbnRlbnRcL3VwbG9hZHNcLzIwMjNcLzA4XC8xLTEtZTE2OTI4MjI4Nzk1MTgucG5nIiwic2xpZGVzaG93IjoiY2I2NmE5YSJ9\" href='https:\/\/my996.fr\/wp-content\/uploads\/2023\/08\/1-1-e1692822879518.png'><img loading=\"lazy\" decoding=\"async\" width=\"300\" height=\"300\" src=\"https:\/\/my996.fr\/wp-content\/uploads\/2023\/08\/1-1-e1692822879518-300x300.png\" class=\"attachment-medium size-medium\" alt=\"Nettoyage des radiateurs porsche 996\" srcset=\"https:\/\/my996.fr\/wp-content\/uploads\/2023\/08\/1-1-e1692822879518-300x300.png.webp 300w, https:\/\/my996.fr\/wp-content\/uploads\/2023\/08\/1-1-e1692822879518-1024x1024.png.webp 1024w, https:\/\/my996.fr\/wp-content\/uploads\/2023\/08\/1-1-e1692822879518-150x150.png.webp 150w, https:\/\/my996.fr\/wp-content\/uploads\/2023\/08\/1-1-e1692822879518-768x768.png.webp 768w, https:\/\/my996.fr\/wp-content\/uploads\/2023\/08\/1-1-e1692822879518-1536x1536.png.webp 1536w, https:\/\/my996.fr\/wp-content\/uploads\/2023\/08\/1-1-e1692822879518-2048x2048.png.webp 2048w, https:\/\/my996.fr\/wp-content\/uploads\/2023\/08\/1-1-e1692822879518-600x600.png.webp 600w, https:\/\/my996.fr\/wp-content\/uploads\/2023\/08\/1-1-e1692822879518-100x100.png.webp 100w\" sizes=\"(max-width: 300px) 100vw, 300px\" \/><\/a>\n\t\t\t<\/div><\/figure><figure class='gallery-item'>\n\t\t\t<div class='gallery-icon landscape'>\n\t\t\t\t<a data-elementor-open-lightbox=\"yes\" data-elementor-lightbox-slideshow=\"cb66a9a\" data-elementor-lightbox-title=\"Nettoyage des radiateurs porsche 996\" data-e-action-hash=\"#elementor-action%3Aaction%3Dlightbox%26settings%3DeyJpZCI6OTUzLCJ1cmwiOiJodHRwczpcL1wvbXk5OTYuZnJcL3dwLWNvbnRlbnRcL3VwbG9hZHNcLzIwMjNcLzA4XC83LXNjYWxlZC1lMTY5MjgyMzc2ODE0NS5qcGVnIiwic2xpZGVzaG93IjoiY2I2NmE5YSJ9\" href='https:\/\/my996.fr\/wp-content\/uploads\/2023\/08\/7-scaled-e1692823768145.jpeg'><img loading=\"lazy\" decoding=\"async\" width=\"300\" height=\"300\" src=\"https:\/\/my996.fr\/wp-content\/uploads\/2023\/08\/7-scaled-e1692823768145-300x300.jpeg\" class=\"attachment-medium size-medium\" alt=\"Nettoyage des radiateurs porsche 996\" srcset=\"https:\/\/my996.fr\/wp-content\/uploads\/2023\/08\/7-scaled-e1692823768145-300x300.jpeg.webp 300w, https:\/\/my996.fr\/wp-content\/uploads\/2023\/08\/7-scaled-e1692823768145-1024x1024.jpeg.webp 1024w, https:\/\/my996.fr\/wp-content\/uploads\/2023\/08\/7-scaled-e1692823768145-150x150.jpeg.webp 150w, https:\/\/my996.fr\/wp-content\/uploads\/2023\/08\/7-scaled-e1692823768145-768x768.jpeg.webp 768w, https:\/\/my996.fr\/wp-content\/uploads\/2023\/08\/7-scaled-e1692823768145-1536x1536.jpeg.webp 1536w, https:\/\/my996.fr\/wp-content\/uploads\/2023\/08\/7-scaled-e1692823768145-600x600.jpeg.webp 600w, https:\/\/my996.fr\/wp-content\/uploads\/2023\/08\/7-scaled-e1692823768145-100x100.jpeg.webp 100w, https:\/\/my996.fr\/wp-content\/uploads\/2023\/08\/7-scaled-e1692823768145-500x500.jpeg.webp 500w, https:\/\/my996.fr\/wp-content\/uploads\/2023\/08\/7-scaled-e1692823768145.jpeg.webp 1920w\" sizes=\"(max-width: 300px) 100vw, 300px\" \/><\/a>\n\t\t\t<\/div><\/figure>\n\t\t<\/div>\n\t\t<\/div>\n\t\t\t\t\t\t<\/div>\n\t\t\t\t<\/div>\n\t\t\t\t<div class=\"elementor-element elementor-element-977a052 elementor-widget elementor-widget-text-editor\" data-id=\"977a052\" data-element_type=\"widget\" data-e-type=\"widget\" data-widget_type=\"text-editor.default\">\n\t\t\t\t<div class=\"elementor-widget-container\">\n\t\t\t\t\t\t\t\t\tUne fois les vis retir\u00e9es il faut d\u00e9caler le condensateur en direction de la plaque d&rsquo;immatriculation pour le sortir du cran de maintien.\t\t\t\t\t\t\t\t<\/div>\n\t\t\t\t<\/div>\n\t\t\t\t<div class=\"elementor-element elementor-element-db613ed elementor-widget elementor-widget-image-gallery\" data-id=\"db613ed\" data-element_type=\"widget\" data-e-type=\"widget\" data-widget_type=\"image-gallery.default\">\n\t\t\t\t<div class=\"elementor-widget-container\">\n\t\t\t\t\t\t\t<div class=\"elementor-image-gallery\">\n\t\t\t<div id='gallery-12' class='gallery galleryid-861 gallery-columns-2 gallery-size-medium'><figure class='gallery-item'>\n\t\t\t<div class='gallery-icon landscape'>\n\t\t\t\t<a data-elementor-open-lightbox=\"yes\" data-elementor-lightbox-slideshow=\"db613ed\" data-elementor-lightbox-title=\"Nettoyage des radiateurs porsche 996\" data-e-action-hash=\"#elementor-action%3Aaction%3Dlightbox%26settings%3DeyJpZCI6OTUxLCJ1cmwiOiJodHRwczpcL1wvbXk5OTYuZnJcL3dwLWNvbnRlbnRcL3VwbG9hZHNcLzIwMjNcLzA4XC8yLTEtZTE2OTI4MjMwNzI5NTAucG5nIiwic2xpZGVzaG93IjoiZGI2MTNlZCJ9\" href='https:\/\/my996.fr\/wp-content\/uploads\/2023\/08\/2-1-e1692823072950.png'><img loading=\"lazy\" decoding=\"async\" width=\"300\" height=\"300\" src=\"https:\/\/my996.fr\/wp-content\/uploads\/2023\/08\/2-1-e1692823072950-300x300.png\" class=\"attachment-medium size-medium\" alt=\"Nettoyage des radiateurs porsche 996\" srcset=\"https:\/\/my996.fr\/wp-content\/uploads\/2023\/08\/2-1-e1692823072950-300x300.png.webp 300w, https:\/\/my996.fr\/wp-content\/uploads\/2023\/08\/2-1-e1692823072950-1024x1024.png.webp 1024w, https:\/\/my996.fr\/wp-content\/uploads\/2023\/08\/2-1-e1692823072950-150x150.png.webp 150w, https:\/\/my996.fr\/wp-content\/uploads\/2023\/08\/2-1-e1692823072950-768x768.png.webp 768w, https:\/\/my996.fr\/wp-content\/uploads\/2023\/08\/2-1-e1692823072950-1536x1536.png.webp 1536w, https:\/\/my996.fr\/wp-content\/uploads\/2023\/08\/2-1-e1692823072950-2048x2048.png.webp 2048w, https:\/\/my996.fr\/wp-content\/uploads\/2023\/08\/2-1-e1692823072950-600x600.png.webp 600w, https:\/\/my996.fr\/wp-content\/uploads\/2023\/08\/2-1-e1692823072950-100x100.png.webp 100w\" sizes=\"(max-width: 300px) 100vw, 300px\" \/><\/a>\n\t\t\t<\/div><\/figure><figure class='gallery-item'>\n\t\t\t<div class='gallery-icon landscape'>\n\t\t\t\t<a data-elementor-open-lightbox=\"yes\" data-elementor-lightbox-slideshow=\"db613ed\" data-elementor-lightbox-title=\"Nettoyage des radiateurs porsche 996\" data-e-action-hash=\"#elementor-action%3Aaction%3Dlightbox%26settings%3DeyJpZCI6OTUyLCJ1cmwiOiJodHRwczpcL1wvbXk5OTYuZnJcL3dwLWNvbnRlbnRcL3VwbG9hZHNcLzIwMjNcLzA4XC8zLXNjYWxlZC1lMTY5MjgyMzEzMTUwNi5qcGVnIiwic2xpZGVzaG93IjoiZGI2MTNlZCJ9\" href='https:\/\/my996.fr\/wp-content\/uploads\/2023\/08\/3-scaled-e1692823131506.jpeg'><img loading=\"lazy\" decoding=\"async\" width=\"300\" height=\"300\" src=\"https:\/\/my996.fr\/wp-content\/uploads\/2023\/08\/3-scaled-e1692823131506-300x300.jpeg\" class=\"attachment-medium size-medium\" alt=\"Nettoyage des radiateurs porsche 996\" srcset=\"https:\/\/my996.fr\/wp-content\/uploads\/2023\/08\/3-scaled-e1692823131506-300x300.jpeg.webp 300w, https:\/\/my996.fr\/wp-content\/uploads\/2023\/08\/3-scaled-e1692823131506-1024x1024.jpeg.webp 1024w, https:\/\/my996.fr\/wp-content\/uploads\/2023\/08\/3-scaled-e1692823131506-150x150.jpeg.webp 150w, https:\/\/my996.fr\/wp-content\/uploads\/2023\/08\/3-scaled-e1692823131506-768x768.jpeg.webp 768w, https:\/\/my996.fr\/wp-content\/uploads\/2023\/08\/3-scaled-e1692823131506-1536x1536.jpeg.webp 1536w, https:\/\/my996.fr\/wp-content\/uploads\/2023\/08\/3-scaled-e1692823131506-600x600.jpeg.webp 600w, https:\/\/my996.fr\/wp-content\/uploads\/2023\/08\/3-scaled-e1692823131506-100x100.jpeg.webp 100w, https:\/\/my996.fr\/wp-content\/uploads\/2023\/08\/3-scaled-e1692823131506.jpeg.webp 1920w\" sizes=\"(max-width: 300px) 100vw, 300px\" \/><\/a>\n\t\t\t<\/div><\/figure>\n\t\t<\/div>\n\t\t<\/div>\n\t\t\t\t\t\t<\/div>\n\t\t\t\t<\/div>\n\t\t\t\t<div class=\"elementor-element elementor-element-950865b elementor-widget elementor-widget-text-editor\" data-id=\"950865b\" data-element_type=\"widget\" data-e-type=\"widget\" data-widget_type=\"text-editor.default\">\n\t\t\t\t<div class=\"elementor-widget-container\">\n\t\t\t\t\t\t\t\t\t<p>Vous pouvez maintenant nettoyer les radiateurs, les miens \u00e9taient propres il n&rsquo;y avait que des petits r\u00e9sidus de feuilles et un papillon \ud83d\ude09 Preuve d&rsquo;un bon entretien des anciens propri\u00e9taires.\u00a0<\/p><p>Un petit coup d&rsquo;aspirateur en faisant attention de ne pas ab\u00eemer les ailettes, et le tour est jou\u00e9 !<\/p><p>J&rsquo;en ai profit\u00e9 pour redresser les ailettes en fer du condensateur avec un petit tournevis plat, il y avait de petit choc d\u00fb aux cailloux et d\u00e9bris de la route. La mise en place de grille permet d&rsquo;\u00e9viter l&rsquo;intrusion des d\u00e9bris, je ferais un tuto sur l&rsquo;installation de celle-ci plus tard.<\/p>\t\t\t\t\t\t\t\t<\/div>\n\t\t\t\t<\/div>\n\t\t\t\t<div class=\"elementor-element elementor-element-0ffc3de elementor-widget elementor-widget-image-gallery\" data-id=\"0ffc3de\" data-element_type=\"widget\" data-e-type=\"widget\" data-widget_type=\"image-gallery.default\">\n\t\t\t\t<div class=\"elementor-widget-container\">\n\t\t\t\t\t\t\t<div class=\"elementor-image-gallery\">\n\t\t\t<div id='gallery-13' class='gallery galleryid-861 gallery-columns-3 gallery-size-thumbnail'><figure class='gallery-item'>\n\t\t\t<div class='gallery-icon landscape'>\n\t\t\t\t<a data-elementor-open-lightbox=\"yes\" data-elementor-lightbox-slideshow=\"0ffc3de\" data-elementor-lightbox-title=\"Nettoyage des radiateurs porsche 996\" data-e-action-hash=\"#elementor-action%3Aaction%3Dlightbox%26settings%3DeyJpZCI6OTU3LCJ1cmwiOiJodHRwczpcL1wvbXk5OTYuZnJcL3dwLWNvbnRlbnRcL3VwbG9hZHNcLzIwMjNcLzA4XC80LXNjYWxlZC1lMTY5MjgyNDE3NjIwNy5qcGVnIiwic2xpZGVzaG93IjoiMGZmYzNkZSJ9\" href='https:\/\/my996.fr\/wp-content\/uploads\/2023\/08\/4-scaled-e1692824176207.jpeg'><img loading=\"lazy\" decoding=\"async\" width=\"150\" height=\"150\" src=\"https:\/\/my996.fr\/wp-content\/uploads\/2023\/08\/4-scaled-e1692824176207-150x150.jpeg\" class=\"attachment-thumbnail size-thumbnail\" alt=\"Nettoyage des radiateurs porsche 996\" srcset=\"https:\/\/my996.fr\/wp-content\/uploads\/2023\/08\/4-scaled-e1692824176207-150x150.jpeg.webp 150w, https:\/\/my996.fr\/wp-content\/uploads\/2023\/08\/4-scaled-e1692824176207-300x300.jpeg.webp 300w, https:\/\/my996.fr\/wp-content\/uploads\/2023\/08\/4-scaled-e1692824176207-1024x1024.jpeg.webp 1024w, https:\/\/my996.fr\/wp-content\/uploads\/2023\/08\/4-scaled-e1692824176207-768x768.jpeg.webp 768w, https:\/\/my996.fr\/wp-content\/uploads\/2023\/08\/4-scaled-e1692824176207-1536x1536.jpeg.webp 1536w, https:\/\/my996.fr\/wp-content\/uploads\/2023\/08\/4-scaled-e1692824176207-600x600.jpeg.webp 600w, https:\/\/my996.fr\/wp-content\/uploads\/2023\/08\/4-scaled-e1692824176207-100x100.jpeg.webp 100w, https:\/\/my996.fr\/wp-content\/uploads\/2023\/08\/4-scaled-e1692824176207.jpeg.webp 1920w\" sizes=\"(max-width: 150px) 100vw, 150px\" \/><\/a>\n\t\t\t<\/div><\/figure><figure class='gallery-item'>\n\t\t\t<div class='gallery-icon landscape'>\n\t\t\t\t<a data-elementor-open-lightbox=\"yes\" data-elementor-lightbox-slideshow=\"0ffc3de\" data-elementor-lightbox-title=\"Nettoyage des radiateurs porsche 996\" data-e-action-hash=\"#elementor-action%3Aaction%3Dlightbox%26settings%3DeyJpZCI6OTU4LCJ1cmwiOiJodHRwczpcL1wvbXk5OTYuZnJcL3dwLWNvbnRlbnRcL3VwbG9hZHNcLzIwMjNcLzA4XC81LXNjYWxlZC1lMTY5MjgyNDE1Njk4Ni5qcGVnIiwic2xpZGVzaG93IjoiMGZmYzNkZSJ9\" href='https:\/\/my996.fr\/wp-content\/uploads\/2023\/08\/5-scaled-e1692824156986.jpeg'><img loading=\"lazy\" decoding=\"async\" width=\"150\" height=\"150\" src=\"https:\/\/my996.fr\/wp-content\/uploads\/2023\/08\/5-scaled-e1692824156986-150x150.jpeg\" class=\"attachment-thumbnail size-thumbnail\" alt=\"Nettoyage des radiateurs porsche 996\" srcset=\"https:\/\/my996.fr\/wp-content\/uploads\/2023\/08\/5-scaled-e1692824156986-150x150.jpeg.webp 150w, https:\/\/my996.fr\/wp-content\/uploads\/2023\/08\/5-scaled-e1692824156986-300x300.jpeg.webp 300w, https:\/\/my996.fr\/wp-content\/uploads\/2023\/08\/5-scaled-e1692824156986-1024x1024.jpeg.webp 1024w, https:\/\/my996.fr\/wp-content\/uploads\/2023\/08\/5-scaled-e1692824156986-768x768.jpeg.webp 768w, https:\/\/my996.fr\/wp-content\/uploads\/2023\/08\/5-scaled-e1692824156986-1536x1536.jpeg.webp 1536w, https:\/\/my996.fr\/wp-content\/uploads\/2023\/08\/5-scaled-e1692824156986-600x600.jpeg.webp 600w, https:\/\/my996.fr\/wp-content\/uploads\/2023\/08\/5-scaled-e1692824156986-100x100.jpeg.webp 100w, https:\/\/my996.fr\/wp-content\/uploads\/2023\/08\/5-scaled-e1692824156986.jpeg.webp 1920w\" sizes=\"(max-width: 150px) 100vw, 150px\" \/><\/a>\n\t\t\t<\/div><\/figure><figure class='gallery-item'>\n\t\t\t<div class='gallery-icon landscape'>\n\t\t\t\t<a data-elementor-open-lightbox=\"yes\" data-elementor-lightbox-slideshow=\"0ffc3de\" data-elementor-lightbox-title=\"Nettoyage des radiateurs porsche 996\" data-e-action-hash=\"#elementor-action%3Aaction%3Dlightbox%26settings%3DeyJpZCI6OTU5LCJ1cmwiOiJodHRwczpcL1wvbXk5OTYuZnJcL3dwLWNvbnRlbnRcL3VwbG9hZHNcLzIwMjNcLzA4XC82LXNjYWxlZC1lMTY5MjgyNDEwMTg0Ni5qcGVnIiwic2xpZGVzaG93IjoiMGZmYzNkZSJ9\" href='https:\/\/my996.fr\/wp-content\/uploads\/2023\/08\/6-scaled-e1692824101846.jpeg'><img loading=\"lazy\" decoding=\"async\" width=\"150\" height=\"150\" src=\"https:\/\/my996.fr\/wp-content\/uploads\/2023\/08\/6-scaled-e1692824101846-150x150.jpeg\" class=\"attachment-thumbnail size-thumbnail\" alt=\"Nettoyage des radiateurs porsche 996\" srcset=\"https:\/\/my996.fr\/wp-content\/uploads\/2023\/08\/6-scaled-e1692824101846-150x150.jpeg 150w, https:\/\/my996.fr\/wp-content\/uploads\/2023\/08\/6-scaled-e1692824101846-300x300.jpeg 300w, https:\/\/my996.fr\/wp-content\/uploads\/2023\/08\/6-scaled-e1692824101846-1024x1024.jpeg.webp 1024w, https:\/\/my996.fr\/wp-content\/uploads\/2023\/08\/6-scaled-e1692824101846-768x768.jpeg 768w, https:\/\/my996.fr\/wp-content\/uploads\/2023\/08\/6-scaled-e1692824101846-1536x1536.jpeg.webp 1536w, https:\/\/my996.fr\/wp-content\/uploads\/2023\/08\/6-scaled-e1692824101846-600x600.jpeg 600w, https:\/\/my996.fr\/wp-content\/uploads\/2023\/08\/6-scaled-e1692824101846-100x100.jpeg.webp 100w, https:\/\/my996.fr\/wp-content\/uploads\/2023\/08\/6-scaled-e1692824101846.jpeg.webp 1920w\" sizes=\"(max-width: 150px) 100vw, 150px\" \/><\/a>\n\t\t\t<\/div><\/figure>\n\t\t<\/div>\n\t\t<\/div>\n\t\t\t\t\t\t<\/div>\n\t\t\t\t<\/div>\n\t\t\t\t<div class=\"elementor-element elementor-element-e0ca049 elementor-widget elementor-widget-heading\" data-id=\"e0ca049\" data-element_type=\"widget\" data-e-type=\"widget\" data-widget_type=\"heading.default\">\n\t\t\t\t<div class=\"elementor-widget-container\">\n\t\t\t\t\t<h2 class=\"elementor-heading-title elementor-size-default\">Remontage<\/h2>\t\t\t\t<\/div>\n\t\t\t\t<\/div>\n\t\t\t\t<div class=\"elementor-element elementor-element-24bf092 elementor-widget elementor-widget-text-editor\" data-id=\"24bf092\" data-element_type=\"widget\" data-e-type=\"widget\" data-widget_type=\"text-editor.default\">\n\t\t\t\t<div class=\"elementor-widget-container\">\n\t\t\t\t\t\t\t\t\t<p>Pour le remontage, il suffit de proc\u00e9der dans le sens inverse du d\u00e9montage, petite astuce pour ne pas ab\u00eemer les ailes lors du remontage du pare choc, vous pouvez mettre du scotch de masquage afin de prot\u00e9ger celles-ci.<\/p>\t\t\t\t\t\t\t\t<\/div>\n\t\t\t\t<\/div>\n\t\t\t\t<div class=\"elementor-element elementor-element-81e5b7a elementor-widget elementor-widget-image-gallery\" data-id=\"81e5b7a\" data-element_type=\"widget\" data-e-type=\"widget\" data-widget_type=\"image-gallery.default\">\n\t\t\t\t<div class=\"elementor-widget-container\">\n\t\t\t\t\t\t\t<div class=\"elementor-image-gallery\">\n\t\t\t<div id='gallery-14' class='gallery galleryid-861 gallery-columns-1 gallery-size-medium'><figure class='gallery-item'>\n\t\t\t<div class='gallery-icon landscape'>\n\t\t\t\t<a data-elementor-open-lightbox=\"yes\" data-elementor-lightbox-slideshow=\"81e5b7a\" data-elementor-lightbox-title=\"D\u00e9montage pare-chocs avant porsche 996\" data-e-action-hash=\"#elementor-action%3Aaction%3Dlightbox%26settings%3DeyJpZCI6OTYzLCJ1cmwiOiJodHRwczpcL1wvbXk5OTYuZnJcL3dwLWNvbnRlbnRcL3VwbG9hZHNcLzIwMjNcLzA4XC8xMi1zY2FsZWQtZTE2OTI4MjQ5NDgxNzQuanBlZyIsInNsaWRlc2hvdyI6IjgxZTViN2EifQ%3D%3D\" href='https:\/\/my996.fr\/wp-content\/uploads\/2023\/08\/12-scaled-e1692824948174.jpeg'><img loading=\"lazy\" decoding=\"async\" width=\"300\" height=\"300\" src=\"https:\/\/my996.fr\/wp-content\/uploads\/2023\/08\/12-scaled-e1692824948174-300x300.jpeg\" class=\"attachment-medium size-medium\" alt=\"D\u00e9montage pare-chocs avant porsche 996\" srcset=\"https:\/\/my996.fr\/wp-content\/uploads\/2023\/08\/12-scaled-e1692824948174-300x300.jpeg.webp 300w, https:\/\/my996.fr\/wp-content\/uploads\/2023\/08\/12-scaled-e1692824948174-1024x1024.jpeg.webp 1024w, https:\/\/my996.fr\/wp-content\/uploads\/2023\/08\/12-scaled-e1692824948174-150x150.jpeg.webp 150w, https:\/\/my996.fr\/wp-content\/uploads\/2023\/08\/12-scaled-e1692824948174-768x768.jpeg.webp 768w, https:\/\/my996.fr\/wp-content\/uploads\/2023\/08\/12-scaled-e1692824948174-1536x1536.jpeg.webp 1536w, https:\/\/my996.fr\/wp-content\/uploads\/2023\/08\/12-scaled-e1692824948174-600x600.jpeg.webp 600w, https:\/\/my996.fr\/wp-content\/uploads\/2023\/08\/12-scaled-e1692824948174-100x100.jpeg.webp 100w, https:\/\/my996.fr\/wp-content\/uploads\/2023\/08\/12-scaled-e1692824948174.jpeg.webp 1920w\" sizes=\"(max-width: 300px) 100vw, 300px\" \/><\/a>\n\t\t\t<\/div><\/figure>\n\t\t<\/div>\n\t\t<\/div>\n\t\t\t\t\t\t<\/div>\n\t\t\t\t<\/div>\n\t\t\t\t<\/div>\n\t\t\t\t\t<\/div>\n\t\t\t\t<\/div>\n\t\t\t\t<\/div>\n\t\t","protected":false},"excerpt":{"rendered":"<p>Dans ce tutoriel vous d\u00e9couvrirez comment d\u00e9monter le pare chocs avant de votre Porsche 996, nous en profiterons pour nettoyer les radiateurs. La 911 type [&hellip;]<\/p>\n","protected":false},"author":1,"featured_media":953,"comment_status":"open","ping_status":"open","sticky":false,"template":"","format":"gallery","meta":{"site-sidebar-layout":"default","site-content-layout":"","ast-site-content-layout":"default","site-content-style":"default","site-sidebar-style":"default","ast-global-header-display":"","ast-banner-title-visibility":"","ast-main-header-display":"","ast-hfb-above-header-display":"","ast-hfb-below-header-display":"","ast-hfb-mobile-header-display":"","site-post-title":"","ast-breadcrumbs-content":"","ast-featured-img":"","footer-sml-layout":"","theme-transparent-header-meta":"","adv-header-id-meta":"","stick-header-meta":"","header-above-stick-meta":"","header-main-stick-meta":"","header-below-stick-meta":"","astra-migrate-meta-layouts":"set","ast-page-background-enabled":"default","ast-page-background-meta":{"desktop":{"background-color":"var(--ast-global-color-4)","background-image":"","background-repeat":"repeat","background-position":"center center","background-size":"auto","background-attachment":"scroll","background-type":"","background-media":"","overlay-type":"","overlay-color":"","overlay-opacity":"","overlay-gradient":""},"tablet":{"background-color":"","background-image":"","background-repeat":"repeat","background-position":"center center","background-size":"auto","background-attachment":"scroll","background-type":"","background-media":"","overlay-type":"","overlay-color":"","overlay-opacity":"","overlay-gradient":""},"mobile":{"background-color":"","background-image":"","background-repeat":"repeat","background-position":"center center","background-size":"auto","background-attachment":"scroll","background-type":"","background-media":"","overlay-type":"","overlay-color":"","overlay-opacity":"","overlay-gradient":""}},"ast-content-background-meta":{"desktop":{"background-color":"var(--ast-global-color-5)","background-image":"","background-repeat":"repeat","background-position":"center center","background-size":"auto","background-attachment":"scroll","background-type":"","background-media":"","overlay-type":"","overlay-color":"","overlay-opacity":"","overlay-gradient":""},"tablet":{"background-color":"var(--ast-global-color-5)","background-image":"","background-repeat":"repeat","background-position":"center center","background-size":"auto","background-attachment":"scroll","background-type":"","background-media":"","overlay-type":"","overlay-color":"","overlay-opacity":"","overlay-gradient":""},"mobile":{"background-color":"var(--ast-global-color-5)","background-image":"","background-repeat":"repeat","background-position":"center center","background-size":"auto","background-attachment":"scroll","background-type":"","background-media":"","overlay-type":"","overlay-color":"","overlay-opacity":"","overlay-gradient":""}},"footnotes":""},"categories":[24,23],"tags":[],"class_list":["post-861","post","type-post","status-publish","format-gallery","has-post-thumbnail","hentry","category-carrosserie","category-systeme-de-refroidissement-a-eau","post_format-post-format-gallery"],"aioseo_notices":[],"_links":{"self":[{"href":"https:\/\/my996.fr\/index.php?rest_route=\/wp\/v2\/posts\/861","targetHints":{"allow":["GET"]}}],"collection":[{"href":"https:\/\/my996.fr\/index.php?rest_route=\/wp\/v2\/posts"}],"about":[{"href":"https:\/\/my996.fr\/index.php?rest_route=\/wp\/v2\/types\/post"}],"author":[{"embeddable":true,"href":"https:\/\/my996.fr\/index.php?rest_route=\/wp\/v2\/users\/1"}],"replies":[{"embeddable":true,"href":"https:\/\/my996.fr\/index.php?rest_route=%2Fwp%2Fv2%2Fcomments&post=861"}],"version-history":[{"count":110,"href":"https:\/\/my996.fr\/index.php?rest_route=\/wp\/v2\/posts\/861\/revisions"}],"predecessor-version":[{"id":2912,"href":"https:\/\/my996.fr\/index.php?rest_route=\/wp\/v2\/posts\/861\/revisions\/2912"}],"wp:featuredmedia":[{"embeddable":true,"href":"https:\/\/my996.fr\/index.php?rest_route=\/wp\/v2\/media\/953"}],"wp:attachment":[{"href":"https:\/\/my996.fr\/index.php?rest_route=%2Fwp%2Fv2%2Fmedia&parent=861"}],"wp:term":[{"taxonomy":"category","embeddable":true,"href":"https:\/\/my996.fr\/index.php?rest_route=%2Fwp%2Fv2%2Fcategories&post=861"},{"taxonomy":"post_tag","embeddable":true,"href":"https:\/\/my996.fr\/index.php?rest_route=%2Fwp%2Fv2%2Ftags&post=861"}],"curies":[{"name":"wp","href":"https:\/\/api.w.org\/{rel}","templated":true}]}}