{"id":851,"date":"2023-07-22T23:20:05","date_gmt":"2023-07-22T21:20:05","guid":{"rendered":"https:\/\/my996.fr\/?p=851"},"modified":"2023-10-09T20:35:20","modified_gmt":"2023-10-09T18:35:20","slug":"porsche-996-installation-de-radar-de-recul-valeo","status":"publish","type":"post","link":"https:\/\/my996.fr\/?p=851","title":{"rendered":"Porsche 996 &#8211; Installation de radar de recul \u00ab\u00a0Val\u00e9o\u00a0\u00bb"},"content":{"rendered":"\t\t<div data-elementor-type=\"wp-post\" data-elementor-id=\"851\" class=\"elementor elementor-851\" data-elementor-post-type=\"post\">\n\t\t\t\t<div class=\"elementor-element elementor-element-caba0ac e-flex e-con-boxed e-con e-parent\" data-id=\"caba0ac\" data-element_type=\"container\" data-e-type=\"container\">\n\t\t\t\t\t<div class=\"e-con-inner\">\n\t\t\t\t<div class=\"elementor-element elementor-element-4297a30 elementor-widget elementor-widget-spacer\" data-id=\"4297a30\" data-element_type=\"widget\" data-e-type=\"widget\" data-widget_type=\"spacer.default\">\n\t\t\t\t<div class=\"elementor-widget-container\">\n\t\t\t\t\t\t\t<div class=\"elementor-spacer\">\n\t\t\t<div class=\"elementor-spacer-inner\"><\/div>\n\t\t<\/div>\n\t\t\t\t\t\t<\/div>\n\t\t\t\t<\/div>\n\t\t\t\t<div class=\"elementor-element elementor-element-4ac7737 elementor-widget elementor-widget-text-editor\" data-id=\"4ac7737\" data-element_type=\"widget\" data-e-type=\"widget\" data-widget_type=\"text-editor.default\">\n\t\t\t\t<div class=\"elementor-widget-container\">\n\t\t\t\t\t\t\t\t\t<figure>Dans ce tutoriel vous d\u00e9couvrirez comment installer des radars de recul \u00ab\u00a0Val\u00e9o\u00a0\u00bb sur le pare chocs arri\u00e8re de votre Porsche 996. Si votre 996 n&rsquo;as pas de radar de recul d&rsquo;origine, cette op\u00e9ration est une bonne solution \u00e9conomique pour \u00e9viter d&rsquo;endommager votre 911 lors de man\u0153uvres sans opter pour des radars d&rsquo;origines \u00e0 prix exorbitant.<\/figure><p>\u00a0<\/p><figure>Le kit install\u00e9 est le\u00a0Valeo Beep &amp; Park Kit Complet d&rsquo;Aide au Stationnement avec 4 Capteurs &#8211; Montage avant ou Arri\u00e8re.<\/figure><p>\u00a0<\/p><figure>R\u00e9f\u00e9rence : 632203\u00a0Disponible <a style=\"font-style: inherit; text-align: var(--text-align);\" href=\"https:\/\/www.amazon.fr\/dp\/B07R4XKK82?ref=ppx_yo2ov_dt_b_product_details&amp;th=1\" target=\"_blank\" rel=\"noopener\">ici<\/a><\/figure>\t\t\t\t\t\t\t\t<\/div>\n\t\t\t\t<\/div>\n\t\t\t\t\t<\/div>\n\t\t\t\t<\/div>\n\t\t<div class=\"elementor-element elementor-element-9b56caf e-flex e-con-boxed e-con e-parent\" data-id=\"9b56caf\" data-element_type=\"container\" data-e-type=\"container\">\n\t\t\t\t\t<div class=\"e-con-inner\">\n\t\t<div class=\"elementor-element elementor-element-7a7d7bc e-con-full e-flex e-con e-child\" data-id=\"7a7d7bc\" data-element_type=\"container\" data-e-type=\"container\">\n\t\t\t\t<div class=\"elementor-element elementor-element-493d970 elementor-widget elementor-widget-progress\" data-id=\"493d970\" data-element_type=\"widget\" data-e-type=\"widget\" data-widget_type=\"progress.default\">\n\t\t\t\t<div class=\"elementor-widget-container\">\n\t\t\t\t\t\t\t\t<span class=\"elementor-title\" id=\"elementor-progress-bar-493d970\">\n\t\t\t\tDIFFICULT\u00c9\t\t\t<\/span>\n\t\t\n\t\t<div aria-labelledby=\"elementor-progress-bar-493d970\" class=\"elementor-progress-wrapper\" role=\"progressbar\" aria-valuemin=\"0\" aria-valuemax=\"100\" aria-valuenow=\"50\">\n\t\t\t<div class=\"elementor-progress-bar\" data-max=\"50\">\n\t\t\t\t<span class=\"elementor-progress-text\"><\/span>\n\t\t\t\t\t\t\t<\/div>\n\t\t<\/div>\n\t\t\t\t\t\t<\/div>\n\t\t\t\t<\/div>\n\t\t\t\t<\/div>\n\t\t<div class=\"elementor-element elementor-element-7063be6 e-con-full e-flex e-con e-child\" data-id=\"7063be6\" data-element_type=\"container\" data-e-type=\"container\">\n\t\t\t\t<div class=\"elementor-element elementor-element-d43ea9b elementor-widget elementor-widget-image\" data-id=\"d43ea9b\" data-element_type=\"widget\" data-e-type=\"widget\" data-widget_type=\"image.default\">\n\t\t\t\t<div class=\"elementor-widget-container\">\n\t\t\t\t\t\t\t\t\t\t\t\t\t\t\t<img fetchpriority=\"high\" decoding=\"async\" width=\"1000\" height=\"1000\" src=\"https:\/\/my996.fr\/wp-content\/uploads\/2023\/07\/CHRONO-MASTER-4H.png\" class=\"attachment-large size-large wp-image-1624\" alt=\"\" srcset=\"https:\/\/my996.fr\/wp-content\/uploads\/2023\/07\/CHRONO-MASTER-4H.png 1000w, https:\/\/my996.fr\/wp-content\/uploads\/2023\/07\/CHRONO-MASTER-4H-300x300.png 300w, https:\/\/my996.fr\/wp-content\/uploads\/2023\/07\/CHRONO-MASTER-4H-150x150.png 150w, https:\/\/my996.fr\/wp-content\/uploads\/2023\/07\/CHRONO-MASTER-4H-768x768.png 768w, https:\/\/my996.fr\/wp-content\/uploads\/2023\/07\/CHRONO-MASTER-4H-600x600.png 600w, https:\/\/my996.fr\/wp-content\/uploads\/2023\/07\/CHRONO-MASTER-4H-100x100.png 100w\" sizes=\"(max-width: 1000px) 100vw, 1000px\" \/>\t\t\t\t\t\t\t\t\t\t\t\t\t\t\t<\/div>\n\t\t\t\t<\/div>\n\t\t\t\t<\/div>\n\t\t\t\t\t<\/div>\n\t\t\t\t<\/div>\n\t\t\t\t<section class=\"elementor-section elementor-top-section elementor-element elementor-element-18163519 elementor-section-boxed elementor-section-height-default elementor-section-height-default\" data-id=\"18163519\" data-element_type=\"section\" data-e-type=\"section\">\n\t\t\t\t\t\t<div class=\"elementor-container elementor-column-gap-default\">\n\t\t\t\t\t<div class=\"elementor-column elementor-col-100 elementor-top-column elementor-element elementor-element-ea1c74b\" data-id=\"ea1c74b\" data-element_type=\"column\" data-e-type=\"column\">\n\t\t\t<div class=\"elementor-widget-wrap elementor-element-populated\">\n\t\t\t\t\t\t<div class=\"elementor-element elementor-element-b3c86b4 elementor-widget elementor-widget-image-gallery\" data-id=\"b3c86b4\" data-element_type=\"widget\" data-e-type=\"widget\" data-widget_type=\"image-gallery.default\">\n\t\t\t\t<div class=\"elementor-widget-container\">\n\t\t\t\t\t\t\t<div class=\"elementor-image-gallery\">\n\t\t\t<div id='gallery-33' class='gallery galleryid-851 gallery-columns-1 gallery-size-medium_large'><figure class='gallery-item'>\n\t\t\t<div class='gallery-icon landscape'>\n\t\t\t\t<a data-elementor-open-lightbox=\"yes\" data-elementor-lightbox-slideshow=\"b3c86b4\" data-elementor-lightbox-title=\"Installation radar de recul Porsche 996\" data-e-action-hash=\"#elementor-action%3Aaction%3Dlightbox%26settings%3DeyJpZCI6MTAwMSwidXJsIjoiaHR0cHM6XC9cL215OTk2LmZyXC93cC1jb250ZW50XC91cGxvYWRzXC8yMDIzXC8wOFwvUmFkYXItZGUtcmVjdWwtZTE2OTI4NzQwMjM0NDguanBnIiwic2xpZGVzaG93IjoiYjNjODZiNCJ9\" href='https:\/\/my996.fr\/wp-content\/uploads\/2023\/08\/Radar-de-recul-e1692874023448.jpg'><img decoding=\"async\" width=\"553\" height=\"553\" src=\"https:\/\/my996.fr\/wp-content\/uploads\/2023\/08\/Radar-de-recul-e1692874023448.jpg\" class=\"attachment-medium_large size-medium_large\" alt=\"Installation radar de recul Porsche 996\" srcset=\"https:\/\/my996.fr\/wp-content\/uploads\/2023\/08\/Radar-de-recul-e1692874023448.jpg 553w, https:\/\/my996.fr\/wp-content\/uploads\/2023\/08\/Radar-de-recul-e1692874023448-300x300.jpg 300w, https:\/\/my996.fr\/wp-content\/uploads\/2023\/08\/Radar-de-recul-e1692874023448-150x150.jpg 150w, https:\/\/my996.fr\/wp-content\/uploads\/2023\/08\/Radar-de-recul-e1692874023448-100x100.jpg 100w\" sizes=\"(max-width: 553px) 100vw, 553px\" \/><\/a>\n\t\t\t<\/div><\/figure>\n\t\t<\/div>\n\t\t<\/div>\n\t\t\t\t\t\t<\/div>\n\t\t\t\t<\/div>\n\t\t\t\t<div class=\"elementor-element elementor-element-ed57c9b elementor-widget elementor-widget-text-editor\" data-id=\"ed57c9b\" data-element_type=\"widget\" data-e-type=\"widget\" data-widget_type=\"text-editor.default\">\n\t\t\t\t<div class=\"elementor-widget-container\">\n\t\t\t\t\t\t\t\t\t<p>Ce kit \u00e0 l&rsquo;avantage d&rsquo;\u00eatre un mod\u00e8le avec des radars affleurant au pare choc, ainsi les capteurs ne d\u00e9passent pas du pare choc et sont esth\u00e9tiquement plus jolie.<\/p>\t\t\t\t\t\t\t\t<\/div>\n\t\t\t\t<\/div>\n\t\t\t\t<div class=\"elementor-element elementor-element-7c96175 elementor-widget elementor-widget-image-gallery\" data-id=\"7c96175\" data-element_type=\"widget\" data-e-type=\"widget\" data-widget_type=\"image-gallery.default\">\n\t\t\t\t<div class=\"elementor-widget-container\">\n\t\t\t\t\t\t\t<div class=\"elementor-image-gallery\">\n\t\t\t<div id='gallery-34' class='gallery galleryid-851 gallery-columns-2 gallery-size-medium'><figure class='gallery-item'>\n\t\t\t<div class='gallery-icon landscape'>\n\t\t\t\t<a data-elementor-open-lightbox=\"yes\" data-elementor-lightbox-slideshow=\"7c96175\" data-elementor-lightbox-title=\"Installation radar de recul Porsche 996\" data-elementor-lightbox-description=\"Radar Val\u00e9o Standard\" data-e-action-hash=\"#elementor-action%3Aaction%3Dlightbox%26settings%3DeyJpZCI6MTAwOSwidXJsIjoiaHR0cHM6XC9cL215OTk2LmZyXC93cC1jb250ZW50XC91cGxvYWRzXC8yMDIzXC8wOFwvSU1HXzE5NzItZTE2OTI4NzYyMTg0MjEuanBlZyIsInNsaWRlc2hvdyI6IjdjOTYxNzUifQ%3D%3D\" href='https:\/\/my996.fr\/wp-content\/uploads\/2023\/08\/IMG_1972-e1692876218421.jpeg'><img decoding=\"async\" width=\"300\" height=\"300\" src=\"https:\/\/my996.fr\/wp-content\/uploads\/2023\/08\/IMG_1972-e1692876218421-300x300.jpeg\" class=\"attachment-medium size-medium\" alt=\"Installation radar de recul Porsche 996\" aria-describedby=\"gallery-34-1009\" srcset=\"https:\/\/my996.fr\/wp-content\/uploads\/2023\/08\/IMG_1972-e1692876218421-300x300.jpeg 300w, https:\/\/my996.fr\/wp-content\/uploads\/2023\/08\/IMG_1972-e1692876218421-1024x1024.jpeg 1024w, https:\/\/my996.fr\/wp-content\/uploads\/2023\/08\/IMG_1972-e1692876218421-150x150.jpeg 150w, https:\/\/my996.fr\/wp-content\/uploads\/2023\/08\/IMG_1972-e1692876218421-768x768.jpeg 768w, https:\/\/my996.fr\/wp-content\/uploads\/2023\/08\/IMG_1972-e1692876218421-600x600.jpeg 600w, https:\/\/my996.fr\/wp-content\/uploads\/2023\/08\/IMG_1972-e1692876218421-100x100.jpeg 100w, https:\/\/my996.fr\/wp-content\/uploads\/2023\/08\/IMG_1972-e1692876218421.jpeg 1536w\" sizes=\"(max-width: 300px) 100vw, 300px\" \/><\/a>\n\t\t\t<\/div>\n\t\t\t\t<figcaption class='wp-caption-text gallery-caption' id='gallery-34-1009'>\n\t\t\t\tRadar Val\u00e9o Standard\n\t\t\t\t<\/figcaption><\/figure><figure class='gallery-item'>\n\t\t\t<div class='gallery-icon landscape'>\n\t\t\t\t<a data-elementor-open-lightbox=\"yes\" data-elementor-lightbox-slideshow=\"7c96175\" data-elementor-lightbox-title=\"Installation radar de recul Porsche 996\" data-elementor-lightbox-description=\"Radar Val\u00e9o Affleurant\" data-e-action-hash=\"#elementor-action%3Aaction%3Dlightbox%26settings%3DeyJpZCI6MTAwOCwidXJsIjoiaHR0cHM6XC9cL215OTk2LmZyXC93cC1jb250ZW50XC91cGxvYWRzXC8yMDIzXC8wOFwvSU1HXzEyMjUtZTE2OTI4Nzk4MTYyODUuanBlZyIsInNsaWRlc2hvdyI6IjdjOTYxNzUifQ%3D%3D\" href='https:\/\/my996.fr\/wp-content\/uploads\/2023\/08\/IMG_1225-e1692879816285.jpeg'><img loading=\"lazy\" decoding=\"async\" width=\"300\" height=\"300\" src=\"https:\/\/my996.fr\/wp-content\/uploads\/2023\/08\/IMG_1225-e1692879816285-300x300.jpeg\" class=\"attachment-medium size-medium\" alt=\"\" aria-describedby=\"gallery-34-1008\" srcset=\"https:\/\/my996.fr\/wp-content\/uploads\/2023\/08\/IMG_1225-e1692879816285-300x300.jpeg 300w, https:\/\/my996.fr\/wp-content\/uploads\/2023\/08\/IMG_1225-e1692879816285-1024x1024.jpeg 1024w, https:\/\/my996.fr\/wp-content\/uploads\/2023\/08\/IMG_1225-e1692879816285-150x150.jpeg 150w, https:\/\/my996.fr\/wp-content\/uploads\/2023\/08\/IMG_1225-e1692879816285-768x768.jpeg 768w, https:\/\/my996.fr\/wp-content\/uploads\/2023\/08\/IMG_1225-e1692879816285-600x600.jpeg 600w, https:\/\/my996.fr\/wp-content\/uploads\/2023\/08\/IMG_1225-e1692879816285-100x100.jpeg 100w, https:\/\/my996.fr\/wp-content\/uploads\/2023\/08\/IMG_1225-e1692879816285-500x500.jpeg 500w, https:\/\/my996.fr\/wp-content\/uploads\/2023\/08\/IMG_1225-e1692879816285.jpeg 1536w\" sizes=\"(max-width: 300px) 100vw, 300px\" \/><\/a>\n\t\t\t<\/div>\n\t\t\t\t<figcaption class='wp-caption-text gallery-caption' id='gallery-34-1008'>\n\t\t\t\tRadar Val\u00e9o Affleurant\n\t\t\t\t<\/figcaption><\/figure>\n\t\t<\/div>\n\t\t<\/div>\n\t\t\t\t\t\t<\/div>\n\t\t\t\t<\/div>\n\t\t\t\t<div class=\"elementor-element elementor-element-b8444b7 elementor-widget elementor-widget-text-editor\" data-id=\"b8444b7\" data-element_type=\"widget\" data-e-type=\"widget\" data-widget_type=\"text-editor.default\">\n\t\t\t\t<div class=\"elementor-widget-container\">\n\t\t\t\t\t\t\t\t\t<p><span style=\"font-weight: bold; text-align: justify;\">Outillage n\u00e9cessaire :<\/span><\/p>\n<ul>\n<li>Outil de d\u00e9coupe\u00a0Valeo R\u00e9f\u00e9rence 632223 <a href=\"https:\/\/www.amazon.fr\/Valeo-VALEO-632223\/dp\/B07R61DLXV\/ref=pd_bxgy_img_sccl_1\/257-4114744-9415807?pd_rd_w=3uuKH&amp;content-id=amzn1.sym.94e2eb88-804b-4c04-a956-bea13d4e30f5&amp;pf_rd_p=94e2eb88-804b-4c04-a956-bea13d4e30f5&amp;pf_rd_r=NNKNDRQTPX5Y59N14J5B&amp;pd_rd_wg=OoJLV&amp;pd_rd_r=b7773a5a-e7e2-4f38-90dd-2ca22fdce684&amp;pd_rd_i=B07R61DLXV&amp;psc=1\" target=\"_blank\" rel=\"noopener\">ICI<\/a><\/li>\n<li>Une perceuse<\/li>\n<li>Peinture de la couleur de votre 911<\/li>\n<li>\u00a0Un foret de 8mm<\/li>\n<\/ul>\t\t\t\t\t\t\t\t<\/div>\n\t\t\t\t<\/div>\n\t\t\t\t<div class=\"elementor-element elementor-element-c867eab elementor-align-center elementor-widget elementor-widget-button\" data-id=\"c867eab\" data-element_type=\"widget\" data-e-type=\"widget\" data-widget_type=\"button.default\">\n\t\t\t\t<div class=\"elementor-widget-container\">\n\t\t\t\t\t\t\t\t\t<div class=\"elementor-button-wrapper\">\n\t\t\t\t\t<a class=\"elementor-button elementor-button-link elementor-size-sm\" href=\"http:\/\/my996.fr\/wp-content\/uploads\/2023\/08\/Mode-demploi-Valeo-Beep-and-Park.pdf\">\n\t\t\t\t\t\t<span class=\"elementor-button-content-wrapper\">\n\t\t\t\t\t\t<span class=\"elementor-button-icon\">\n\t\t\t\t<i aria-hidden=\"true\" class=\"fas fa-download\"><\/i>\t\t\t<\/span>\n\t\t\t\t\t\t\t\t\t<span class=\"elementor-button-text\">Mode d'emploi Val\u00e9o Disponible ICI<\/span>\n\t\t\t\t\t<\/span>\n\t\t\t\t\t<\/a>\n\t\t\t\t<\/div>\n\t\t\t\t\t\t\t\t<\/div>\n\t\t\t\t<\/div>\n\t\t\t\t<div class=\"elementor-element elementor-element-0f844f7 elementor-widget elementor-widget-spacer\" data-id=\"0f844f7\" data-element_type=\"widget\" data-e-type=\"widget\" data-widget_type=\"spacer.default\">\n\t\t\t\t<div class=\"elementor-widget-container\">\n\t\t\t\t\t\t\t<div class=\"elementor-spacer\">\n\t\t\t<div class=\"elementor-spacer-inner\"><\/div>\n\t\t<\/div>\n\t\t\t\t\t\t<\/div>\n\t\t\t\t<\/div>\n\t\t\t\t<div class=\"elementor-element elementor-element-e631f63 elementor-widget elementor-widget-heading\" data-id=\"e631f63\" data-element_type=\"widget\" data-e-type=\"widget\" data-widget_type=\"heading.default\">\n\t\t\t\t<div class=\"elementor-widget-container\">\n\t\t\t\t\t<h2 class=\"elementor-heading-title elementor-size-default\">Pr\u00e9paration des radars<\/h2>\t\t\t\t<\/div>\n\t\t\t\t<\/div>\n\t\t\t\t<div class=\"elementor-element elementor-element-6796e0a elementor-widget elementor-widget-text-editor\" data-id=\"6796e0a\" data-element_type=\"widget\" data-e-type=\"widget\" data-widget_type=\"text-editor.default\">\n\t\t\t\t<div class=\"elementor-widget-container\">\n\t\t\t\t\t\t\t\t\tDans un premier temps nous allons commencer par peindre les radars de recul dans la couleur de la voiture. Pour effectuer la peinture, il est plus facile de laisser les radars dans le cache en plastique permettant ainsi de peindre sans avoir \u00e0 les masquer. J&rsquo;ai utilis\u00e9 un a\u00e9rographe ainsi que la peinture d&rsquo;origine de mon pot de retouche. Deux \u00e0 trois couches de peintures sont n\u00e9cessaires, il n&rsquo;est pas recommander d&rsquo;en faire plus car le capteur risque de dysfonctionner.\u00a0Terminer ensuite par 2 \u00e0 3 couches de vernis.\t\t\t\t\t\t\t\t<\/div>\n\t\t\t\t<\/div>\n\t\t\t\t<div class=\"elementor-element elementor-element-7d2bfad elementor-widget elementor-widget-image-gallery\" data-id=\"7d2bfad\" data-element_type=\"widget\" data-e-type=\"widget\" data-widget_type=\"image-gallery.default\">\n\t\t\t\t<div class=\"elementor-widget-container\">\n\t\t\t\t\t\t\t<div class=\"elementor-image-gallery\">\n\t\t\t<div id='gallery-35' class='gallery galleryid-851 gallery-columns-2 gallery-size-medium'><figure class='gallery-item'>\n\t\t\t<div class='gallery-icon landscape'>\n\t\t\t\t<a data-elementor-open-lightbox=\"yes\" data-elementor-lightbox-slideshow=\"7d2bfad\" data-elementor-lightbox-title=\"Porsche 996 \u2013 Installation de radar de recul \u00ab Val\u00e9o \u00bb\" data-elementor-lightbox-description=\"Peinture des radars\" data-e-action-hash=\"#elementor-action%3Aaction%3Dlightbox%26settings%3DeyJpZCI6MTAxOCwidXJsIjoiaHR0cHM6XC9cL215OTk2LmZyXC93cC1jb250ZW50XC91cGxvYWRzXC8yMDIzXC8wOFwvSU1HXzEwNzctZTE2OTI4ODEwNTg2MjYuanBlZyIsInNsaWRlc2hvdyI6IjdkMmJmYWQifQ%3D%3D\" href='https:\/\/my996.fr\/wp-content\/uploads\/2023\/08\/IMG_1077-e1692881058626.jpeg'><img loading=\"lazy\" decoding=\"async\" width=\"300\" height=\"300\" src=\"https:\/\/my996.fr\/wp-content\/uploads\/2023\/08\/IMG_1077-e1692881058626-300x300.jpeg\" class=\"attachment-medium size-medium\" alt=\"Porsche 996 \u2013 Installation de radar de recul \u00ab Val\u00e9o \u00bb\" srcset=\"https:\/\/my996.fr\/wp-content\/uploads\/2023\/08\/IMG_1077-e1692881058626-300x300.jpeg 300w, https:\/\/my996.fr\/wp-content\/uploads\/2023\/08\/IMG_1077-e1692881058626-1024x1024.jpeg 1024w, https:\/\/my996.fr\/wp-content\/uploads\/2023\/08\/IMG_1077-e1692881058626-150x150.jpeg 150w, https:\/\/my996.fr\/wp-content\/uploads\/2023\/08\/IMG_1077-e1692881058626-768x768.jpeg 768w, https:\/\/my996.fr\/wp-content\/uploads\/2023\/08\/IMG_1077-e1692881058626-600x600.jpeg 600w, https:\/\/my996.fr\/wp-content\/uploads\/2023\/08\/IMG_1077-e1692881058626-100x100.jpeg 100w, https:\/\/my996.fr\/wp-content\/uploads\/2023\/08\/IMG_1077-e1692881058626.jpeg 1536w\" sizes=\"(max-width: 300px) 100vw, 300px\" \/><\/a>\n\t\t\t<\/div><\/figure><figure class='gallery-item'>\n\t\t\t<div class='gallery-icon landscape'>\n\t\t\t\t<a data-elementor-open-lightbox=\"yes\" data-elementor-lightbox-slideshow=\"7d2bfad\" data-elementor-lightbox-title=\"Porsche 996 \u2013 Installation de radar de recul \u00ab Val\u00e9o \u00bb\" data-elementor-lightbox-description=\"Peinture des radars\" data-e-action-hash=\"#elementor-action%3Aaction%3Dlightbox%26settings%3DeyJpZCI6MTAxNywidXJsIjoiaHR0cHM6XC9cL215OTk2LmZyXC93cC1jb250ZW50XC91cGxvYWRzXC8yMDIzXC8wOFwvSU1HXzEwNzgtZTE2OTI4ODEwNzU3MzcuanBlZyIsInNsaWRlc2hvdyI6IjdkMmJmYWQifQ%3D%3D\" href='https:\/\/my996.fr\/wp-content\/uploads\/2023\/08\/IMG_1078-e1692881075737.jpeg'><img loading=\"lazy\" decoding=\"async\" width=\"300\" height=\"300\" src=\"https:\/\/my996.fr\/wp-content\/uploads\/2023\/08\/IMG_1078-e1692881075737-300x300.jpeg\" class=\"attachment-medium size-medium\" alt=\"Porsche 996 \u2013 Installation de radar de recul \u00ab Val\u00e9o \u00bb\" srcset=\"https:\/\/my996.fr\/wp-content\/uploads\/2023\/08\/IMG_1078-e1692881075737-300x300.jpeg 300w, https:\/\/my996.fr\/wp-content\/uploads\/2023\/08\/IMG_1078-e1692881075737-1024x1024.jpeg 1024w, https:\/\/my996.fr\/wp-content\/uploads\/2023\/08\/IMG_1078-e1692881075737-150x150.jpeg 150w, https:\/\/my996.fr\/wp-content\/uploads\/2023\/08\/IMG_1078-e1692881075737-768x768.jpeg 768w, https:\/\/my996.fr\/wp-content\/uploads\/2023\/08\/IMG_1078-e1692881075737-600x600.jpeg 600w, https:\/\/my996.fr\/wp-content\/uploads\/2023\/08\/IMG_1078-e1692881075737-100x100.jpeg 100w, https:\/\/my996.fr\/wp-content\/uploads\/2023\/08\/IMG_1078-e1692881075737.jpeg 1536w\" sizes=\"(max-width: 300px) 100vw, 300px\" \/><\/a>\n\t\t\t<\/div><\/figure>\n\t\t<\/div>\n\t\t<\/div>\n\t\t\t\t\t\t<\/div>\n\t\t\t\t<\/div>\n\t\t\t\t<div class=\"elementor-element elementor-element-78dcde5 elementor-widget elementor-widget-text-editor\" data-id=\"78dcde5\" data-element_type=\"widget\" data-e-type=\"widget\" data-widget_type=\"text-editor.default\">\n\t\t\t\t<div class=\"elementor-widget-container\">\n\t\t\t\t\t\t\t\t\t<p>Dans un second temps nous allons assembler les radars, il faut :\u00a0<\/p>\t\t\t\t\t\t\t\t<\/div>\n\t\t\t\t<\/div>\n\t\t\t\t<div class=\"elementor-element elementor-element-ed5a10b elementor-widget elementor-widget-heading\" data-id=\"ed5a10b\" data-element_type=\"widget\" data-e-type=\"widget\" data-widget_type=\"heading.default\">\n\t\t\t\t<div class=\"elementor-widget-container\">\n\t\t\t\t\t<h3 class=\"elementor-heading-title elementor-size-default\">1 - Assembler le joint en caoutchouc&nbsp;<\/h3>\t\t\t\t<\/div>\n\t\t\t\t<\/div>\n\t\t\t\t<div class=\"elementor-element elementor-element-c5cae18 elementor-widget elementor-widget-image-gallery\" data-id=\"c5cae18\" data-element_type=\"widget\" data-e-type=\"widget\" data-widget_type=\"image-gallery.default\">\n\t\t\t\t<div class=\"elementor-widget-container\">\n\t\t\t\t\t\t\t<div class=\"elementor-image-gallery\">\n\t\t\t<div id='gallery-36' class='gallery galleryid-851 gallery-columns-2 gallery-size-medium'><figure class='gallery-item'>\n\t\t\t<div class='gallery-icon landscape'>\n\t\t\t\t<a data-elementor-open-lightbox=\"yes\" data-elementor-lightbox-slideshow=\"c5cae18\" data-elementor-lightbox-title=\"Installation radar de recul Porsche 996\" data-e-action-hash=\"#elementor-action%3Aaction%3Dlightbox%26settings%3DeyJpZCI6MTAzNSwidXJsIjoiaHR0cHM6XC9cL215OTk2LmZyXC93cC1jb250ZW50XC91cGxvYWRzXC8yMDIzXC8wOFwvSU1HXzExMDItZTE2OTI4ODM5NDI4MzQuanBlZyIsInNsaWRlc2hvdyI6ImM1Y2FlMTgifQ%3D%3D\" href='https:\/\/my996.fr\/wp-content\/uploads\/2023\/08\/IMG_1102-e1692883942834.jpeg'><img loading=\"lazy\" decoding=\"async\" width=\"300\" height=\"300\" src=\"https:\/\/my996.fr\/wp-content\/uploads\/2023\/08\/IMG_1102-e1692883942834-300x300.jpeg\" class=\"attachment-medium size-medium\" alt=\"Installation radar de recul Porsche 996\" srcset=\"https:\/\/my996.fr\/wp-content\/uploads\/2023\/08\/IMG_1102-e1692883942834-300x300.jpeg 300w, https:\/\/my996.fr\/wp-content\/uploads\/2023\/08\/IMG_1102-e1692883942834-1024x1024.jpeg 1024w, https:\/\/my996.fr\/wp-content\/uploads\/2023\/08\/IMG_1102-e1692883942834-150x150.jpeg 150w, https:\/\/my996.fr\/wp-content\/uploads\/2023\/08\/IMG_1102-e1692883942834-768x768.jpeg 768w, https:\/\/my996.fr\/wp-content\/uploads\/2023\/08\/IMG_1102-e1692883942834-600x600.jpeg 600w, https:\/\/my996.fr\/wp-content\/uploads\/2023\/08\/IMG_1102-e1692883942834-100x100.jpeg 100w, https:\/\/my996.fr\/wp-content\/uploads\/2023\/08\/IMG_1102-e1692883942834.jpeg 1536w\" sizes=\"(max-width: 300px) 100vw, 300px\" \/><\/a>\n\t\t\t<\/div><\/figure><figure class='gallery-item'>\n\t\t\t<div class='gallery-icon landscape'>\n\t\t\t\t<a data-elementor-open-lightbox=\"yes\" data-elementor-lightbox-slideshow=\"c5cae18\" data-elementor-lightbox-title=\"Installation radar de recul Porsche 996\" data-e-action-hash=\"#elementor-action%3Aaction%3Dlightbox%26settings%3DeyJpZCI6MTAzNiwidXJsIjoiaHR0cHM6XC9cL215OTk2LmZyXC93cC1jb250ZW50XC91cGxvYWRzXC8yMDIzXC8wOFwvSU1HXzExMDMtZTE2OTI4ODM5NTc3MzUuanBlZyIsInNsaWRlc2hvdyI6ImM1Y2FlMTgifQ%3D%3D\" href='https:\/\/my996.fr\/wp-content\/uploads\/2023\/08\/IMG_1103-e1692883957735.jpeg'><img loading=\"lazy\" decoding=\"async\" width=\"300\" height=\"300\" src=\"https:\/\/my996.fr\/wp-content\/uploads\/2023\/08\/IMG_1103-e1692883957735-300x300.jpeg\" class=\"attachment-medium size-medium\" alt=\"Installation radar de recul Porsche 996\" aria-describedby=\"gallery-36-1036\" srcset=\"https:\/\/my996.fr\/wp-content\/uploads\/2023\/08\/IMG_1103-e1692883957735-300x300.jpeg 300w, https:\/\/my996.fr\/wp-content\/uploads\/2023\/08\/IMG_1103-e1692883957735-1024x1024.jpeg 1024w, https:\/\/my996.fr\/wp-content\/uploads\/2023\/08\/IMG_1103-e1692883957735-150x150.jpeg 150w, https:\/\/my996.fr\/wp-content\/uploads\/2023\/08\/IMG_1103-e1692883957735-768x768.jpeg 768w, https:\/\/my996.fr\/wp-content\/uploads\/2023\/08\/IMG_1103-e1692883957735-600x600.jpeg 600w, https:\/\/my996.fr\/wp-content\/uploads\/2023\/08\/IMG_1103-e1692883957735-100x100.jpeg 100w, https:\/\/my996.fr\/wp-content\/uploads\/2023\/08\/IMG_1103-e1692883957735.jpeg 1536w\" sizes=\"(max-width: 300px) 100vw, 300px\" \/><\/a>\n\t\t\t<\/div>\n\t\t\t\t<figcaption class='wp-caption-text gallery-caption' id='gallery-36-1036'>\n\t\t\t\tIns\u00e9rer le joint dans le creux\n\t\t\t\t<\/figcaption><\/figure>\n\t\t<\/div>\n\t\t<\/div>\n\t\t\t\t\t\t<\/div>\n\t\t\t\t<\/div>\n\t\t\t\t<div class=\"elementor-element elementor-element-46c668b elementor-widget elementor-widget-heading\" data-id=\"46c668b\" data-element_type=\"widget\" data-e-type=\"widget\" data-widget_type=\"heading.default\">\n\t\t\t\t<div class=\"elementor-widget-container\">\n\t\t\t\t\t<h3 class=\"elementor-heading-title elementor-size-default\">2 - Ins\u00e9rer le filetage en plastique<\/h3>\t\t\t\t<\/div>\n\t\t\t\t<\/div>\n\t\t\t\t<div class=\"elementor-element elementor-element-f9631e0 elementor-widget elementor-widget-image-gallery\" data-id=\"f9631e0\" data-element_type=\"widget\" data-e-type=\"widget\" data-widget_type=\"image-gallery.default\">\n\t\t\t\t<div class=\"elementor-widget-container\">\n\t\t\t\t\t\t\t<div class=\"elementor-image-gallery\">\n\t\t\t<div id='gallery-37' class='gallery galleryid-851 gallery-columns-2 gallery-size-medium'><figure class='gallery-item'>\n\t\t\t<div class='gallery-icon landscape'>\n\t\t\t\t<a data-elementor-open-lightbox=\"yes\" data-elementor-lightbox-slideshow=\"f9631e0\" data-elementor-lightbox-title=\"Installation radar de recul Porsche 996\" data-elementor-lightbox-description=\"Bien aligner le cache dans le cran\" data-e-action-hash=\"#elementor-action%3Aaction%3Dlightbox%26settings%3DeyJpZCI6MTA0MywidXJsIjoiaHR0cHM6XC9cL215OTk2LmZyXC93cC1jb250ZW50XC91cGxvYWRzXC8yMDIzXC8wOFwvSU1HXzExMDYtZTE2OTI4ODQ5MTc0OTYuanBlZyIsInNsaWRlc2hvdyI6ImY5NjMxZTAifQ%3D%3D\" href='https:\/\/my996.fr\/wp-content\/uploads\/2023\/08\/IMG_1106-e1692884917496.jpeg'><img loading=\"lazy\" decoding=\"async\" width=\"300\" height=\"300\" src=\"https:\/\/my996.fr\/wp-content\/uploads\/2023\/08\/IMG_1106-e1692884917496-300x300.jpeg\" class=\"attachment-medium size-medium\" alt=\"Installation radar de recul Porsche 996\" aria-describedby=\"gallery-37-1043\" srcset=\"https:\/\/my996.fr\/wp-content\/uploads\/2023\/08\/IMG_1106-e1692884917496-300x300.jpeg 300w, https:\/\/my996.fr\/wp-content\/uploads\/2023\/08\/IMG_1106-e1692884917496-1024x1024.jpeg 1024w, https:\/\/my996.fr\/wp-content\/uploads\/2023\/08\/IMG_1106-e1692884917496-150x150.jpeg 150w, https:\/\/my996.fr\/wp-content\/uploads\/2023\/08\/IMG_1106-e1692884917496-768x768.jpeg 768w, https:\/\/my996.fr\/wp-content\/uploads\/2023\/08\/IMG_1106-e1692884917496-600x600.jpeg 600w, https:\/\/my996.fr\/wp-content\/uploads\/2023\/08\/IMG_1106-e1692884917496-100x100.jpeg 100w, https:\/\/my996.fr\/wp-content\/uploads\/2023\/08\/IMG_1106-e1692884917496.jpeg 1536w\" sizes=\"(max-width: 300px) 100vw, 300px\" \/><\/a>\n\t\t\t<\/div>\n\t\t\t\t<figcaption class='wp-caption-text gallery-caption' id='gallery-37-1043'>\n\t\t\t\tBien aligner le cache dans le creux\n\t\t\t\t<\/figcaption><\/figure><figure class='gallery-item'>\n\t\t\t<div class='gallery-icon landscape'>\n\t\t\t\t<a data-elementor-open-lightbox=\"yes\" data-elementor-lightbox-slideshow=\"f9631e0\" data-elementor-lightbox-title=\"Installation radar de recul Porsche 996\" data-elementor-lightbox-description=\"Bien aligner le cache dans le cran\" data-e-action-hash=\"#elementor-action%3Aaction%3Dlightbox%26settings%3DeyJpZCI6MTA0MiwidXJsIjoiaHR0cHM6XC9cL215OTk2LmZyXC93cC1jb250ZW50XC91cGxvYWRzXC8yMDIzXC8wOFwvSU1HXzExMDUtZTE2OTI4ODQzMzk2NDQuanBlZyIsInNsaWRlc2hvdyI6ImY5NjMxZTAifQ%3D%3D\" href='https:\/\/my996.fr\/wp-content\/uploads\/2023\/08\/IMG_1105-e1692884339644.jpeg'><img loading=\"lazy\" decoding=\"async\" width=\"300\" height=\"300\" src=\"https:\/\/my996.fr\/wp-content\/uploads\/2023\/08\/IMG_1105-e1692884339644-300x300.jpeg\" class=\"attachment-medium size-medium\" alt=\"Installation radar de recul Porsche 996\" srcset=\"https:\/\/my996.fr\/wp-content\/uploads\/2023\/08\/IMG_1105-e1692884339644-300x300.jpeg 300w, https:\/\/my996.fr\/wp-content\/uploads\/2023\/08\/IMG_1105-e1692884339644-1024x1024.jpeg 1024w, https:\/\/my996.fr\/wp-content\/uploads\/2023\/08\/IMG_1105-e1692884339644-150x150.jpeg 150w, https:\/\/my996.fr\/wp-content\/uploads\/2023\/08\/IMG_1105-e1692884339644-768x768.jpeg 768w, https:\/\/my996.fr\/wp-content\/uploads\/2023\/08\/IMG_1105-e1692884339644-600x600.jpeg 600w, https:\/\/my996.fr\/wp-content\/uploads\/2023\/08\/IMG_1105-e1692884339644-100x100.jpeg 100w, https:\/\/my996.fr\/wp-content\/uploads\/2023\/08\/IMG_1105-e1692884339644.jpeg 1536w\" sizes=\"(max-width: 300px) 100vw, 300px\" \/><\/a>\n\t\t\t<\/div><\/figure>\n\t\t<\/div>\n\t\t<\/div>\n\t\t\t\t\t\t<\/div>\n\t\t\t\t<\/div>\n\t\t\t\t<div class=\"elementor-element elementor-element-a646a6b elementor-widget elementor-widget-heading\" data-id=\"a646a6b\" data-element_type=\"widget\" data-e-type=\"widget\" data-widget_type=\"heading.default\">\n\t\t\t\t<div class=\"elementor-widget-container\">\n\t\t\t\t\t<h3 class=\"elementor-heading-title elementor-size-default\">3 - Visser le radar dans le support de fixation 3m<\/h3>\t\t\t\t<\/div>\n\t\t\t\t<\/div>\n\t\t\t\t<div class=\"elementor-element elementor-element-f73352b elementor-widget elementor-widget-image-gallery\" data-id=\"f73352b\" data-element_type=\"widget\" data-e-type=\"widget\" data-widget_type=\"image-gallery.default\">\n\t\t\t\t<div class=\"elementor-widget-container\">\n\t\t\t\t\t\t\t<div class=\"elementor-image-gallery\">\n\t\t\t<div id='gallery-38' class='gallery galleryid-851 gallery-columns-2 gallery-size-medium'><figure class='gallery-item'>\n\t\t\t<div class='gallery-icon landscape'>\n\t\t\t\t<a data-elementor-open-lightbox=\"yes\" data-elementor-lightbox-slideshow=\"f73352b\" data-elementor-lightbox-title=\"Installation radar de recul Porsche 996\" data-e-action-hash=\"#elementor-action%3Aaction%3Dlightbox%26settings%3DeyJpZCI6MTA0NCwidXJsIjoiaHR0cHM6XC9cL215OTk2LmZyXC93cC1jb250ZW50XC91cGxvYWRzXC8yMDIzXC8wOFwvSU1HXzExMTUtZTE2OTI4ODQ5NjY1MTcuanBlZyIsInNsaWRlc2hvdyI6ImY3MzM1MmIifQ%3D%3D\" href='https:\/\/my996.fr\/wp-content\/uploads\/2023\/08\/IMG_1115-e1692884966517.jpeg'><img loading=\"lazy\" decoding=\"async\" width=\"300\" height=\"300\" src=\"https:\/\/my996.fr\/wp-content\/uploads\/2023\/08\/IMG_1115-e1692884966517-300x300.jpeg\" class=\"attachment-medium size-medium\" alt=\"Installation radar de recul Porsche 996\" srcset=\"https:\/\/my996.fr\/wp-content\/uploads\/2023\/08\/IMG_1115-e1692884966517-300x300.jpeg 300w, https:\/\/my996.fr\/wp-content\/uploads\/2023\/08\/IMG_1115-e1692884966517-1024x1024.jpeg 1024w, https:\/\/my996.fr\/wp-content\/uploads\/2023\/08\/IMG_1115-e1692884966517-150x150.jpeg 150w, https:\/\/my996.fr\/wp-content\/uploads\/2023\/08\/IMG_1115-e1692884966517-768x768.jpeg 768w, https:\/\/my996.fr\/wp-content\/uploads\/2023\/08\/IMG_1115-e1692884966517-600x600.jpeg 600w, https:\/\/my996.fr\/wp-content\/uploads\/2023\/08\/IMG_1115-e1692884966517-100x100.jpeg 100w, https:\/\/my996.fr\/wp-content\/uploads\/2023\/08\/IMG_1115-e1692884966517.jpeg 1536w\" sizes=\"(max-width: 300px) 100vw, 300px\" \/><\/a>\n\t\t\t<\/div><\/figure><figure class='gallery-item'>\n\t\t\t<div class='gallery-icon landscape'>\n\t\t\t\t<a data-elementor-open-lightbox=\"yes\" data-elementor-lightbox-slideshow=\"f73352b\" data-elementor-lightbox-title=\"Installation radar de recul Porsche 996\" data-e-action-hash=\"#elementor-action%3Aaction%3Dlightbox%26settings%3DeyJpZCI6MTA0NSwidXJsIjoiaHR0cHM6XC9cL215OTk2LmZyXC93cC1jb250ZW50XC91cGxvYWRzXC8yMDIzXC8wOFwvSU1HXzExMTctZTE2OTI4ODQ5ODgyNDcuanBlZyIsInNsaWRlc2hvdyI6ImY3MzM1MmIifQ%3D%3D\" href='https:\/\/my996.fr\/wp-content\/uploads\/2023\/08\/IMG_1117-e1692884988247.jpeg'><img loading=\"lazy\" decoding=\"async\" width=\"300\" height=\"300\" src=\"https:\/\/my996.fr\/wp-content\/uploads\/2023\/08\/IMG_1117-e1692884988247-300x300.jpeg\" class=\"attachment-medium size-medium\" alt=\"Installation radar de recul Porsche 996\" srcset=\"https:\/\/my996.fr\/wp-content\/uploads\/2023\/08\/IMG_1117-e1692884988247-300x300.jpeg 300w, https:\/\/my996.fr\/wp-content\/uploads\/2023\/08\/IMG_1117-e1692884988247-1024x1024.jpeg 1024w, https:\/\/my996.fr\/wp-content\/uploads\/2023\/08\/IMG_1117-e1692884988247-150x150.jpeg 150w, https:\/\/my996.fr\/wp-content\/uploads\/2023\/08\/IMG_1117-e1692884988247-768x768.jpeg 768w, https:\/\/my996.fr\/wp-content\/uploads\/2023\/08\/IMG_1117-e1692884988247-600x600.jpeg 600w, https:\/\/my996.fr\/wp-content\/uploads\/2023\/08\/IMG_1117-e1692884988247-100x100.jpeg 100w, https:\/\/my996.fr\/wp-content\/uploads\/2023\/08\/IMG_1117-e1692884988247.jpeg 1536w\" sizes=\"(max-width: 300px) 100vw, 300px\" \/><\/a>\n\t\t\t<\/div><\/figure>\n\t\t<\/div>\n\t\t<\/div>\n\t\t\t\t\t\t<\/div>\n\t\t\t\t<\/div>\n\t\t\t\t<div class=\"elementor-element elementor-element-621dbf4 elementor-widget elementor-widget-text-editor\" data-id=\"621dbf4\" data-element_type=\"widget\" data-e-type=\"widget\" data-widget_type=\"text-editor.default\">\n\t\t\t\t<div class=\"elementor-widget-container\">\n\t\t\t\t\t\t\t\t\tIl est n\u00e9cessaire de d\u00e9monter le pare-chocs arri\u00e8re afin d&rsquo;effectuer le per\u00e7age des emplacements des radars de recul, un tutoriel est disponible :\u00a0<a title=\"Porsche 996 \u2013 D\u00e9montage pare-chocs arri\u00e8re et pare chaleur\" href=\"https:\/\/my996.fr\/?p=524\" target=\"_blank\" rel=\"noopener\">Porsche 996 \u2013 D\u00e9montage pare-chocs arri\u00e8re et pare chaleur<\/a><\/span>\n\nUne fois le pare choc d\u00e9mont\u00e9 et nettoy\u00e9 nous pouvons commencer la d\u00e9coupe des emplacements des radars. Pour cela l&rsquo;outil de d\u00e9coupe Val\u00e9o est indispensable pour effectuer une d\u00e9coupe parfaite, il n&rsquo;est malheureusement pas vendu avec le kit de radar de recul et doit \u00eatre achet\u00e9 \u00e0 part.\t\t\t\t\t\t\t\t<\/div>\n\t\t\t\t<\/div>\n\t\t\t\t<div class=\"elementor-element elementor-element-2b09de4 elementor-widget elementor-widget-heading\" data-id=\"2b09de4\" data-element_type=\"widget\" data-e-type=\"widget\" data-widget_type=\"heading.default\">\n\t\t\t\t<div class=\"elementor-widget-container\">\n\t\t\t\t\t<h2 class=\"elementor-heading-title elementor-size-default\">D\u00e9coupe des emplacements<\/h2>\t\t\t\t<\/div>\n\t\t\t\t<\/div>\n\t\t\t\t<div class=\"elementor-element elementor-element-d1098eb elementor-widget elementor-widget-text-editor\" data-id=\"d1098eb\" data-element_type=\"widget\" data-e-type=\"widget\" data-widget_type=\"text-editor.default\">\n\t\t\t\t<div class=\"elementor-widget-container\">\n\t\t\t\t\t\t\t\t\tL&#8217;emplacement des radars de recul est d\u00e9j\u00e0 marqu\u00e9 \u00e0 l&rsquo;int\u00e9rieur du pare choc, une croix est pr\u00e9sente avec un cercle pointill\u00e9. Il faut tout d&rsquo;abord percer avec un foret de 8mm au centre de chaque emplacement ( Fl\u00e8ches rouge ).\t\t\t\t\t\t\t\t<\/div>\n\t\t\t\t<\/div>\n\t\t\t\t<div class=\"elementor-element elementor-element-cac3bbd elementor-widget elementor-widget-image-gallery\" data-id=\"cac3bbd\" data-element_type=\"widget\" data-e-type=\"widget\" data-widget_type=\"image-gallery.default\">\n\t\t\t\t<div class=\"elementor-widget-container\">\n\t\t\t\t\t\t\t<div class=\"elementor-image-gallery\">\n\t\t\t<div id='gallery-39' class='gallery galleryid-851 gallery-columns-2 gallery-size-medium'><figure class='gallery-item'>\n\t\t\t<div class='gallery-icon landscape'>\n\t\t\t\t<a data-elementor-open-lightbox=\"yes\" data-elementor-lightbox-slideshow=\"cac3bbd\" data-elementor-lightbox-title=\"Installation radar de recul Porsche 996\" data-elementor-lightbox-description=\"Emplacements des radars pr\u00e9marqu\u00e9s\" data-e-action-hash=\"#elementor-action%3Aaction%3Dlightbox%26settings%3DeyJpZCI6MTAyNCwidXJsIjoiaHR0cHM6XC9cL215OTk2LmZyXC93cC1jb250ZW50XC91cGxvYWRzXC8yMDIzXC8wOFwvSU1HXzExMTkuanBlZyIsInNsaWRlc2hvdyI6ImNhYzNiYmQifQ%3D%3D\" href='https:\/\/my996.fr\/wp-content\/uploads\/2023\/08\/IMG_1119.jpeg'><img loading=\"lazy\" decoding=\"async\" width=\"300\" height=\"225\" src=\"https:\/\/my996.fr\/wp-content\/uploads\/2023\/08\/IMG_1119-300x225.jpeg\" class=\"attachment-medium size-medium\" alt=\"Installation radar de recul Porsche 996\" srcset=\"https:\/\/my996.fr\/wp-content\/uploads\/2023\/08\/IMG_1119-300x225.jpeg 300w, https:\/\/my996.fr\/wp-content\/uploads\/2023\/08\/IMG_1119-1024x768.jpeg 1024w, https:\/\/my996.fr\/wp-content\/uploads\/2023\/08\/IMG_1119-768x576.jpeg 768w, https:\/\/my996.fr\/wp-content\/uploads\/2023\/08\/IMG_1119-1536x1152.jpeg 1536w, https:\/\/my996.fr\/wp-content\/uploads\/2023\/08\/IMG_1119-600x450.jpeg 600w, https:\/\/my996.fr\/wp-content\/uploads\/2023\/08\/IMG_1119.jpeg 2048w\" sizes=\"(max-width: 300px) 100vw, 300px\" \/><\/a>\n\t\t\t<\/div><\/figure><figure class='gallery-item'>\n\t\t\t<div class='gallery-icon landscape'>\n\t\t\t\t<a data-elementor-open-lightbox=\"yes\" data-elementor-lightbox-slideshow=\"cac3bbd\" data-elementor-lightbox-title=\"Installation radar de recul Porsche 996\" data-elementor-lightbox-description=\"Emplacements des radars pr\u00e9marqu\u00e9s\" data-e-action-hash=\"#elementor-action%3Aaction%3Dlightbox%26settings%3DeyJpZCI6MTAyNiwidXJsIjoiaHR0cHM6XC9cL215OTk2LmZyXC93cC1jb250ZW50XC91cGxvYWRzXC8yMDIzXC8wOFwvSU1HXzExMjEtZTE2OTI4ODI4MzM3NTcuanBlZyIsInNsaWRlc2hvdyI6ImNhYzNiYmQifQ%3D%3D\" href='https:\/\/my996.fr\/wp-content\/uploads\/2023\/08\/IMG_1121-e1692882833757.jpeg'><img loading=\"lazy\" decoding=\"async\" width=\"300\" height=\"300\" src=\"https:\/\/my996.fr\/wp-content\/uploads\/2023\/08\/IMG_1121-e1692882833757-300x300.jpeg\" class=\"attachment-medium size-medium\" alt=\"Installation radar de recul Porsche 996\" aria-describedby=\"gallery-39-1026\" srcset=\"https:\/\/my996.fr\/wp-content\/uploads\/2023\/08\/IMG_1121-e1692882833757-300x300.jpeg 300w, https:\/\/my996.fr\/wp-content\/uploads\/2023\/08\/IMG_1121-e1692882833757-1024x1024.jpeg 1024w, https:\/\/my996.fr\/wp-content\/uploads\/2023\/08\/IMG_1121-e1692882833757-150x150.jpeg 150w, https:\/\/my996.fr\/wp-content\/uploads\/2023\/08\/IMG_1121-e1692882833757-768x768.jpeg 768w, https:\/\/my996.fr\/wp-content\/uploads\/2023\/08\/IMG_1121-e1692882833757-600x600.jpeg 600w, https:\/\/my996.fr\/wp-content\/uploads\/2023\/08\/IMG_1121-e1692882833757-100x100.jpeg 100w, https:\/\/my996.fr\/wp-content\/uploads\/2023\/08\/IMG_1121-e1692882833757.jpeg 1536w\" sizes=\"(max-width: 300px) 100vw, 300px\" \/><\/a>\n\t\t\t<\/div>\n\t\t\t\t<figcaption class='wp-caption-text gallery-caption' id='gallery-39-1026'>\n\t\t\t\tEmplacements des radars pr\u00e9marqu\u00e9s\n\t\t\t\t<\/figcaption><\/figure><figure class='gallery-item'>\n\t\t\t<div class='gallery-icon landscape'>\n\t\t\t\t<a data-elementor-open-lightbox=\"yes\" data-elementor-lightbox-slideshow=\"cac3bbd\" data-elementor-lightbox-title=\"Installation radar de recul Porsche 996\" data-elementor-lightbox-description=\"Per\u00e7ages des emplacements avec un foret de 8mm\" data-e-action-hash=\"#elementor-action%3Aaction%3Dlightbox%26settings%3DeyJpZCI6MTAyOCwidXJsIjoiaHR0cHM6XC9cL215OTk2LmZyXC93cC1jb250ZW50XC91cGxvYWRzXC8yMDIzXC8wOFwvSU1HXzExMjgucG5nIiwic2xpZGVzaG93IjoiY2FjM2JiZCJ9\" href='https:\/\/my996.fr\/wp-content\/uploads\/2023\/08\/IMG_1128.png'><img loading=\"lazy\" decoding=\"async\" width=\"300\" height=\"225\" src=\"https:\/\/my996.fr\/wp-content\/uploads\/2023\/08\/IMG_1128-300x225.png\" class=\"attachment-medium size-medium\" alt=\"Installation radar de recul Porsche 996\" aria-describedby=\"gallery-39-1028\" srcset=\"https:\/\/my996.fr\/wp-content\/uploads\/2023\/08\/IMG_1128-300x225.png 300w, https:\/\/my996.fr\/wp-content\/uploads\/2023\/08\/IMG_1128-1024x768.png 1024w, https:\/\/my996.fr\/wp-content\/uploads\/2023\/08\/IMG_1128-768x576.png 768w, https:\/\/my996.fr\/wp-content\/uploads\/2023\/08\/IMG_1128-1536x1152.png 1536w, https:\/\/my996.fr\/wp-content\/uploads\/2023\/08\/IMG_1128-600x450.png 600w, https:\/\/my996.fr\/wp-content\/uploads\/2023\/08\/IMG_1128.png 2048w\" sizes=\"(max-width: 300px) 100vw, 300px\" \/><\/a>\n\t\t\t<\/div>\n\t\t\t\t<figcaption class='wp-caption-text gallery-caption' id='gallery-39-1028'>\n\t\t\t\tEmplacements des radars perc\u00e9s\n\t\t\t\t<\/figcaption><\/figure>\n\t\t<\/div>\n\t\t<\/div>\n\t\t\t\t\t\t<\/div>\n\t\t\t\t<\/div>\n\t\t\t\t<div class=\"elementor-element elementor-element-f7f3f90 elementor-widget elementor-widget-text-editor\" data-id=\"f7f3f90\" data-element_type=\"widget\" data-e-type=\"widget\" data-widget_type=\"text-editor.default\">\n\t\t\t\t<div class=\"elementor-widget-container\">\n\t\t\t\t\t\t\t\t\tUne fois le per\u00e7age effectu\u00e9 nous allons utilis\u00e9 l&rsquo;outil de d\u00e9coupe pour perforer et pr\u00e9parer l&#8217;emplacement des radars \u00e0 la bonne dimension de ceux-ci.\n\nComme le montre les photos suivantes le sens de montage de l&rsquo;outil est important pour effectuer une d\u00e9coupe parfaite. Afin de ne pas abimer le pare choc, j&rsquo;ai pr\u00e9alablement mis du scotch de masquage pour \u00e9viter d&rsquo;endommager la peinture.\t\t\t\t\t\t\t\t<\/div>\n\t\t\t\t<\/div>\n\t\t\t\t<div class=\"elementor-element elementor-element-f46c6c3 elementor-widget elementor-widget-image-gallery\" data-id=\"f46c6c3\" data-element_type=\"widget\" data-e-type=\"widget\" data-widget_type=\"image-gallery.default\">\n\t\t\t\t<div class=\"elementor-widget-container\">\n\t\t\t\t\t\t\t<div class=\"elementor-image-gallery\">\n\t\t\t<div id='gallery-40' class='gallery galleryid-851 gallery-columns-1 gallery-size-large'><figure class='gallery-item'>\n\t\t\t<div class='gallery-icon landscape'>\n\t\t\t\t<a data-elementor-open-lightbox=\"yes\" data-elementor-lightbox-slideshow=\"f46c6c3\" data-elementor-lightbox-title=\"Installation radar de recul Porsche 996\" data-e-action-hash=\"#elementor-action%3Aaction%3Dlightbox%26settings%3DeyJpZCI6MTI4MiwidXJsIjoiaHR0cHM6XC9cL215OTk2LmZyXC93cC1jb250ZW50XC91cGxvYWRzXC8yMDIzXC8wOFwvT3V0aWwtZGUtZGVjb3VwZS5wbmciLCJzbGlkZXNob3ciOiJmNDZjNmMzIn0%3D\" href='https:\/\/my996.fr\/wp-content\/uploads\/2023\/08\/Outil-de-decoupe.png'><img loading=\"lazy\" decoding=\"async\" width=\"1024\" height=\"705\" src=\"https:\/\/my996.fr\/wp-content\/uploads\/2023\/08\/Outil-de-decoupe-1024x705.png\" class=\"attachment-large size-large\" alt=\"Installation radar de recul Porsche 996\" aria-describedby=\"gallery-40-1282\" srcset=\"https:\/\/my996.fr\/wp-content\/uploads\/2023\/08\/Outil-de-decoupe-1024x705.png 1024w, https:\/\/my996.fr\/wp-content\/uploads\/2023\/08\/Outil-de-decoupe-300x207.png 300w, https:\/\/my996.fr\/wp-content\/uploads\/2023\/08\/Outil-de-decoupe-768x529.png 768w, https:\/\/my996.fr\/wp-content\/uploads\/2023\/08\/Outil-de-decoupe-600x413.png 600w, https:\/\/my996.fr\/wp-content\/uploads\/2023\/08\/Outil-de-decoupe.png 1215w\" sizes=\"(max-width: 1024px) 100vw, 1024px\" \/><\/a>\n\t\t\t<\/div>\n\t\t\t\t<figcaption class='wp-caption-text gallery-caption' id='gallery-40-1282'>\n\t\t\t\tComment installer l&rsquo;outil de d\u00e9coupe\n\t\t\t\t<\/figcaption><\/figure>\n\t\t<\/div>\n\t\t<\/div>\n\t\t\t\t\t\t<\/div>\n\t\t\t\t<\/div>\n\t\t\t\t<div class=\"elementor-element elementor-element-5cc0888 elementor-widget elementor-widget-image-gallery\" data-id=\"5cc0888\" data-element_type=\"widget\" data-e-type=\"widget\" data-widget_type=\"image-gallery.default\">\n\t\t\t\t<div class=\"elementor-widget-container\">\n\t\t\t\t\t\t\t<div class=\"elementor-image-gallery\">\n\t\t\t<div id='gallery-41' class='gallery galleryid-851 gallery-columns-2 gallery-size-medium'><figure class='gallery-item'>\n\t\t\t<div class='gallery-icon landscape'>\n\t\t\t\t<a data-elementor-open-lightbox=\"yes\" data-elementor-lightbox-slideshow=\"5cc0888\" data-elementor-lightbox-title=\"Installation radar de recul Porsche 996\" data-elementor-lightbox-description=\"Installation radar de recul Porsche 996\" data-e-action-hash=\"#elementor-action%3Aaction%3Dlightbox%26settings%3DeyJpZCI6MTI4MCwidXJsIjoiaHR0cHM6XC9cL215OTk2LmZyXC93cC1jb250ZW50XC91cGxvYWRzXC8yMDIzXC8wOFwvSU1HXzExMjktZTE2OTMyOTgyMTQ2MzYuanBlZyIsInNsaWRlc2hvdyI6IjVjYzA4ODgifQ%3D%3D\" href='https:\/\/my996.fr\/wp-content\/uploads\/2023\/08\/IMG_1129-e1693298214636.jpeg'><img loading=\"lazy\" decoding=\"async\" width=\"300\" height=\"300\" src=\"https:\/\/my996.fr\/wp-content\/uploads\/2023\/08\/IMG_1129-e1693298214636-300x300.jpeg\" class=\"attachment-medium size-medium\" alt=\"Installation radar de recul Porsche 996\" aria-describedby=\"gallery-41-1280\" srcset=\"https:\/\/my996.fr\/wp-content\/uploads\/2023\/08\/IMG_1129-e1693298214636-300x300.jpeg 300w, https:\/\/my996.fr\/wp-content\/uploads\/2023\/08\/IMG_1129-e1693298214636-1024x1024.jpeg 1024w, https:\/\/my996.fr\/wp-content\/uploads\/2023\/08\/IMG_1129-e1693298214636-150x150.jpeg 150w, https:\/\/my996.fr\/wp-content\/uploads\/2023\/08\/IMG_1129-e1693298214636-768x768.jpeg 768w, https:\/\/my996.fr\/wp-content\/uploads\/2023\/08\/IMG_1129-e1693298214636-600x600.jpeg 600w, https:\/\/my996.fr\/wp-content\/uploads\/2023\/08\/IMG_1129-e1693298214636-100x100.jpeg 100w, https:\/\/my996.fr\/wp-content\/uploads\/2023\/08\/IMG_1129-e1693298214636.jpeg 1395w\" sizes=\"(max-width: 300px) 100vw, 300px\" \/><\/a>\n\t\t\t<\/div>\n\t\t\t\t<figcaption class='wp-caption-text gallery-caption' id='gallery-41-1280'>\n\t\t\t\tLa t\u00eate de vis \u00e0 l&rsquo;ext\u00e9rieur\n\t\t\t\t<\/figcaption><\/figure><figure class='gallery-item'>\n\t\t\t<div class='gallery-icon landscape'>\n\t\t\t\t<a data-elementor-open-lightbox=\"yes\" data-elementor-lightbox-slideshow=\"5cc0888\" data-elementor-lightbox-title=\"Installation radar de recul Porsche 996\" data-elementor-lightbox-description=\"Installation radar de recul Porsche 996\" data-e-action-hash=\"#elementor-action%3Aaction%3Dlightbox%26settings%3DeyJpZCI6MTI3OSwidXJsIjoiaHR0cHM6XC9cL215OTk2LmZyXC93cC1jb250ZW50XC91cGxvYWRzXC8yMDIzXC8wOFwvSU1HXzExMzAtZTE2OTMyOTgxNDkzMDQuanBlZyIsInNsaWRlc2hvdyI6IjVjYzA4ODgifQ%3D%3D\" href='https:\/\/my996.fr\/wp-content\/uploads\/2023\/08\/IMG_1130-e1693298149304.jpeg'><img loading=\"lazy\" decoding=\"async\" width=\"300\" height=\"300\" src=\"https:\/\/my996.fr\/wp-content\/uploads\/2023\/08\/IMG_1130-e1693298149304-300x300.jpeg\" class=\"attachment-medium size-medium\" alt=\"Installation radar de recul Porsche 996\" aria-describedby=\"gallery-41-1279\" srcset=\"https:\/\/my996.fr\/wp-content\/uploads\/2023\/08\/IMG_1130-e1693298149304-300x300.jpeg 300w, https:\/\/my996.fr\/wp-content\/uploads\/2023\/08\/IMG_1130-e1693298149304-1024x1024.jpeg 1024w, https:\/\/my996.fr\/wp-content\/uploads\/2023\/08\/IMG_1130-e1693298149304-150x150.jpeg 150w, https:\/\/my996.fr\/wp-content\/uploads\/2023\/08\/IMG_1130-e1693298149304-768x768.jpeg 768w, https:\/\/my996.fr\/wp-content\/uploads\/2023\/08\/IMG_1130-e1693298149304-600x600.jpeg 600w, https:\/\/my996.fr\/wp-content\/uploads\/2023\/08\/IMG_1130-e1693298149304-100x100.jpeg 100w, https:\/\/my996.fr\/wp-content\/uploads\/2023\/08\/IMG_1130-e1693298149304.jpeg 1536w\" sizes=\"(max-width: 300px) 100vw, 300px\" \/><\/a>\n\t\t\t<\/div>\n\t\t\t\t<figcaption class='wp-caption-text gallery-caption' id='gallery-41-1279'>\n\t\t\t\tL&rsquo;\u00e9crou \u00e0 l&rsquo;int\u00e9rieur\n\t\t\t\t<\/figcaption><\/figure>\n\t\t<\/div>\n\t\t<\/div>\n\t\t\t\t\t\t<\/div>\n\t\t\t\t<\/div>\n\t\t\t\t<div class=\"elementor-element elementor-element-e368ba2 elementor-widget elementor-widget-text-editor\" data-id=\"e368ba2\" data-element_type=\"widget\" data-e-type=\"widget\" data-widget_type=\"text-editor.default\">\n\t\t\t\t<div class=\"elementor-widget-container\">\n\t\t\t\t\t\t\t\t\tUne fois l&rsquo;outil en place il faut visser de chaque c\u00f4t\u00e9 pour d\u00e9couper l&#8217;emplacement.\t\t\t\t\t\t\t\t<\/div>\n\t\t\t\t<\/div>\n\t\t\t\t<div class=\"elementor-element elementor-element-dce771b elementor-widget elementor-widget-image-gallery\" data-id=\"dce771b\" data-element_type=\"widget\" data-e-type=\"widget\" data-widget_type=\"image-gallery.default\">\n\t\t\t\t<div class=\"elementor-widget-container\">\n\t\t\t\t\t\t\t<div class=\"elementor-image-gallery\">\n\t\t\t<div id='gallery-42' class='gallery galleryid-851 gallery-columns-3 gallery-size-medium'><figure class='gallery-item'>\n\t\t\t<div class='gallery-icon landscape'>\n\t\t\t\t<a data-elementor-open-lightbox=\"yes\" data-elementor-lightbox-slideshow=\"dce771b\" data-elementor-lightbox-title=\"Installation radar de recul Porsche 996\" data-elementor-lightbox-description=\"Installation radar de recul Porsche 996\" data-e-action-hash=\"#elementor-action%3Aaction%3Dlightbox%26settings%3DeyJpZCI6MTI5NywidXJsIjoiaHR0cHM6XC9cL215OTk2LmZyXC93cC1jb250ZW50XC91cGxvYWRzXC8yMDIzXC8wN1wvSU1HXzExMzQtMS1lMTY5MzI5OTQ1OTIzMS5qcGVnIiwic2xpZGVzaG93IjoiZGNlNzcxYiJ9\" href='https:\/\/my996.fr\/wp-content\/uploads\/2023\/07\/IMG_1134-1-e1693299459231.jpeg'><img loading=\"lazy\" decoding=\"async\" width=\"300\" height=\"300\" src=\"https:\/\/my996.fr\/wp-content\/uploads\/2023\/07\/IMG_1134-1-e1693299459231-300x300.jpeg\" class=\"attachment-medium size-medium\" alt=\"Installation radar de recul Porsche 996\" srcset=\"https:\/\/my996.fr\/wp-content\/uploads\/2023\/07\/IMG_1134-1-e1693299459231-300x300.jpeg 300w, https:\/\/my996.fr\/wp-content\/uploads\/2023\/07\/IMG_1134-1-e1693299459231-1024x1024.jpeg 1024w, https:\/\/my996.fr\/wp-content\/uploads\/2023\/07\/IMG_1134-1-e1693299459231-150x150.jpeg 150w, https:\/\/my996.fr\/wp-content\/uploads\/2023\/07\/IMG_1134-1-e1693299459231-768x768.jpeg 768w, https:\/\/my996.fr\/wp-content\/uploads\/2023\/07\/IMG_1134-1-e1693299459231-600x600.jpeg 600w, https:\/\/my996.fr\/wp-content\/uploads\/2023\/07\/IMG_1134-1-e1693299459231-100x100.jpeg 100w, https:\/\/my996.fr\/wp-content\/uploads\/2023\/07\/IMG_1134-1-e1693299459231.jpeg 1536w\" sizes=\"(max-width: 300px) 100vw, 300px\" \/><\/a>\n\t\t\t<\/div><\/figure><figure class='gallery-item'>\n\t\t\t<div class='gallery-icon landscape'>\n\t\t\t\t<a data-elementor-open-lightbox=\"yes\" data-elementor-lightbox-slideshow=\"dce771b\" data-elementor-lightbox-title=\"Installation radar de recul Porsche 996\" data-elementor-lightbox-description=\"Installation radar de recul Porsche 996\" data-e-action-hash=\"#elementor-action%3Aaction%3Dlightbox%26settings%3DeyJpZCI6MTI5OCwidXJsIjoiaHR0cHM6XC9cL215OTk2LmZyXC93cC1jb250ZW50XC91cGxvYWRzXC8yMDIzXC8wN1wvSU1HXzExMzItMS1lMTY5MzI5OTQ3ODU2OS5qcGVnIiwic2xpZGVzaG93IjoiZGNlNzcxYiJ9\" href='https:\/\/my996.fr\/wp-content\/uploads\/2023\/07\/IMG_1132-1-e1693299478569.jpeg'><img loading=\"lazy\" decoding=\"async\" width=\"300\" height=\"300\" src=\"https:\/\/my996.fr\/wp-content\/uploads\/2023\/07\/IMG_1132-1-e1693299478569-300x300.jpeg\" class=\"attachment-medium size-medium\" alt=\"Installation radar de recul Porsche 996\" srcset=\"https:\/\/my996.fr\/wp-content\/uploads\/2023\/07\/IMG_1132-1-e1693299478569-300x300.jpeg 300w, https:\/\/my996.fr\/wp-content\/uploads\/2023\/07\/IMG_1132-1-e1693299478569-1024x1024.jpeg 1024w, https:\/\/my996.fr\/wp-content\/uploads\/2023\/07\/IMG_1132-1-e1693299478569-150x150.jpeg 150w, https:\/\/my996.fr\/wp-content\/uploads\/2023\/07\/IMG_1132-1-e1693299478569-768x768.jpeg 768w, https:\/\/my996.fr\/wp-content\/uploads\/2023\/07\/IMG_1132-1-e1693299478569-600x600.jpeg 600w, https:\/\/my996.fr\/wp-content\/uploads\/2023\/07\/IMG_1132-1-e1693299478569-100x100.jpeg 100w, https:\/\/my996.fr\/wp-content\/uploads\/2023\/07\/IMG_1132-1-e1693299478569.jpeg 1536w\" sizes=\"(max-width: 300px) 100vw, 300px\" \/><\/a>\n\t\t\t<\/div><\/figure><figure class='gallery-item'>\n\t\t\t<div class='gallery-icon landscape'>\n\t\t\t\t<a data-elementor-open-lightbox=\"yes\" data-elementor-lightbox-slideshow=\"dce771b\" data-elementor-lightbox-title=\"Installation radar de recul Porsche 996\" data-elementor-lightbox-description=\"Installation radar de recul Porsche 996\" data-e-action-hash=\"#elementor-action%3Aaction%3Dlightbox%26settings%3DeyJpZCI6MTI5NiwidXJsIjoiaHR0cHM6XC9cL215OTk2LmZyXC93cC1jb250ZW50XC91cGxvYWRzXC8yMDIzXC8wN1wvSU1HXzExMzgtZTE2OTMyOTk0NDQyNTguanBlZyIsInNsaWRlc2hvdyI6ImRjZTc3MWIifQ%3D%3D\" href='https:\/\/my996.fr\/wp-content\/uploads\/2023\/07\/IMG_1138-e1693299444258.jpeg'><img loading=\"lazy\" decoding=\"async\" width=\"300\" height=\"300\" src=\"https:\/\/my996.fr\/wp-content\/uploads\/2023\/07\/IMG_1138-e1693299444258-300x300.jpeg\" class=\"attachment-medium size-medium\" alt=\"Installation radar de recul Porsche 996\" srcset=\"https:\/\/my996.fr\/wp-content\/uploads\/2023\/07\/IMG_1138-e1693299444258-300x300.jpeg 300w, https:\/\/my996.fr\/wp-content\/uploads\/2023\/07\/IMG_1138-e1693299444258-1024x1024.jpeg 1024w, https:\/\/my996.fr\/wp-content\/uploads\/2023\/07\/IMG_1138-e1693299444258-150x150.jpeg 150w, https:\/\/my996.fr\/wp-content\/uploads\/2023\/07\/IMG_1138-e1693299444258-768x768.jpeg 768w, https:\/\/my996.fr\/wp-content\/uploads\/2023\/07\/IMG_1138-e1693299444258-600x600.jpeg 600w, https:\/\/my996.fr\/wp-content\/uploads\/2023\/07\/IMG_1138-e1693299444258-100x100.jpeg 100w, https:\/\/my996.fr\/wp-content\/uploads\/2023\/07\/IMG_1138-e1693299444258.jpeg 1536w\" sizes=\"(max-width: 300px) 100vw, 300px\" \/><\/a>\n\t\t\t<\/div><\/figure>\n\t\t<\/div>\n\t\t<\/div>\n\t\t\t\t\t\t<\/div>\n\t\t\t\t<\/div>\n\t\t\t\t<div class=\"elementor-element elementor-element-d704375 elementor-widget elementor-widget-text-editor\" data-id=\"d704375\" data-element_type=\"widget\" data-e-type=\"widget\" data-widget_type=\"text-editor.default\">\n\t\t\t\t<div class=\"elementor-widget-container\">\n\t\t\t\t\t\t\t\t\tLa d\u00e9coupe est parfaite, cependant le trou laisse entrevoir la couleur du plastique, pour \u00e9viter l&rsquo;infiltration de l&rsquo;eau au niveau de la d\u00e9coupe j&rsquo;ai mis de la peinture avec le stylo de retouche.\t\t\t\t\t\t\t\t<\/div>\n\t\t\t\t<\/div>\n\t\t\t\t<div class=\"elementor-element elementor-element-2ba020c elementor-widget elementor-widget-heading\" data-id=\"2ba020c\" data-element_type=\"widget\" data-e-type=\"widget\" data-widget_type=\"heading.default\">\n\t\t\t\t<div class=\"elementor-widget-container\">\n\t\t\t\t\t<h2 class=\"elementor-heading-title elementor-size-default\">Fixation des radars au pare-chocs<\/h2>\t\t\t\t<\/div>\n\t\t\t\t<\/div>\n\t\t\t\t<div class=\"elementor-element elementor-element-47159de elementor-widget elementor-widget-image-gallery\" data-id=\"47159de\" data-element_type=\"widget\" data-e-type=\"widget\" data-widget_type=\"image-gallery.default\">\n\t\t\t\t<div class=\"elementor-widget-container\">\n\t\t\t\t\t\t\t<div class=\"elementor-image-gallery\">\n\t\t\t<div id='gallery-43' class='gallery galleryid-851 gallery-columns-2 gallery-size-medium'><figure class='gallery-item'>\n\t\t\t<div class='gallery-icon landscape'>\n\t\t\t\t<a data-elementor-open-lightbox=\"yes\" data-elementor-lightbox-slideshow=\"47159de\" data-elementor-lightbox-title=\"Installation radar de recul Porsche 996\" data-elementor-lightbox-description=\"Installation radar de recul Porsche 996\" data-e-action-hash=\"#elementor-action%3Aaction%3Dlightbox%26settings%3DeyJpZCI6MTMwOSwidXJsIjoiaHR0cHM6XC9cL215OTk2LmZyXC93cC1jb250ZW50XC91cGxvYWRzXC8yMDIzXC8wN1wvSU1HXzExNDEtZTE2OTMzMDE1NTA4NjcuanBlZyIsInNsaWRlc2hvdyI6IjQ3MTU5ZGUifQ%3D%3D\" href='https:\/\/my996.fr\/wp-content\/uploads\/2023\/07\/IMG_1141-e1693301550867.jpeg'><img loading=\"lazy\" decoding=\"async\" width=\"300\" height=\"300\" src=\"https:\/\/my996.fr\/wp-content\/uploads\/2023\/07\/IMG_1141-e1693301550867-300x300.jpeg\" class=\"attachment-medium size-medium\" alt=\"Installation radar de recul Porsche 996\" srcset=\"https:\/\/my996.fr\/wp-content\/uploads\/2023\/07\/IMG_1141-e1693301550867-300x300.jpeg 300w, https:\/\/my996.fr\/wp-content\/uploads\/2023\/07\/IMG_1141-e1693301550867-1024x1024.jpeg 1024w, https:\/\/my996.fr\/wp-content\/uploads\/2023\/07\/IMG_1141-e1693301550867-150x150.jpeg 150w, https:\/\/my996.fr\/wp-content\/uploads\/2023\/07\/IMG_1141-e1693301550867-768x768.jpeg 768w, https:\/\/my996.fr\/wp-content\/uploads\/2023\/07\/IMG_1141-e1693301550867-600x600.jpeg 600w, https:\/\/my996.fr\/wp-content\/uploads\/2023\/07\/IMG_1141-e1693301550867-100x100.jpeg 100w, https:\/\/my996.fr\/wp-content\/uploads\/2023\/07\/IMG_1141-e1693301550867.jpeg 1536w\" sizes=\"(max-width: 300px) 100vw, 300px\" \/><\/a>\n\t\t\t<\/div><\/figure><figure class='gallery-item'>\n\t\t\t<div class='gallery-icon landscape'>\n\t\t\t\t<a data-elementor-open-lightbox=\"yes\" data-elementor-lightbox-slideshow=\"47159de\" data-elementor-lightbox-title=\"Installation radar de recul Porsche 996\" data-elementor-lightbox-description=\"Installation radar de recul Porsche 996\" data-e-action-hash=\"#elementor-action%3Aaction%3Dlightbox%26settings%3DeyJpZCI6MTMxMCwidXJsIjoiaHR0cHM6XC9cL215OTk2LmZyXC93cC1jb250ZW50XC91cGxvYWRzXC8yMDIzXC8wN1wvSU1HXzExNDgtZTE2OTMzMDE1NjQ1NTYuanBlZyIsInNsaWRlc2hvdyI6IjQ3MTU5ZGUifQ%3D%3D\" href='https:\/\/my996.fr\/wp-content\/uploads\/2023\/07\/IMG_1148-e1693301564556.jpeg'><img loading=\"lazy\" decoding=\"async\" width=\"300\" height=\"300\" src=\"https:\/\/my996.fr\/wp-content\/uploads\/2023\/07\/IMG_1148-e1693301564556-300x300.jpeg\" class=\"attachment-medium size-medium\" alt=\"Installation radar de recul Porsche 996\" srcset=\"https:\/\/my996.fr\/wp-content\/uploads\/2023\/07\/IMG_1148-e1693301564556-300x300.jpeg 300w, https:\/\/my996.fr\/wp-content\/uploads\/2023\/07\/IMG_1148-e1693301564556-1024x1024.jpeg 1024w, https:\/\/my996.fr\/wp-content\/uploads\/2023\/07\/IMG_1148-e1693301564556-150x150.jpeg 150w, https:\/\/my996.fr\/wp-content\/uploads\/2023\/07\/IMG_1148-e1693301564556-768x768.jpeg 768w, https:\/\/my996.fr\/wp-content\/uploads\/2023\/07\/IMG_1148-e1693301564556-600x600.jpeg 600w, https:\/\/my996.fr\/wp-content\/uploads\/2023\/07\/IMG_1148-e1693301564556-100x100.jpeg 100w, https:\/\/my996.fr\/wp-content\/uploads\/2023\/07\/IMG_1148-e1693301564556.jpeg 1536w\" sizes=\"(max-width: 300px) 100vw, 300px\" \/><\/a>\n\t\t\t<\/div><\/figure>\n\t\t<\/div>\n\t\t<\/div>\n\t\t\t\t\t\t<\/div>\n\t\t\t\t<\/div>\n\t\t\t\t<div class=\"elementor-element elementor-element-0e3d4c5 elementor-widget elementor-widget-text-editor\" data-id=\"0e3d4c5\" data-element_type=\"widget\" data-e-type=\"widget\" data-widget_type=\"text-editor.default\">\n\t\t\t\t<div class=\"elementor-widget-container\">\n\t\t\t\t\t\t\t\t\t<p>Avant de proc\u00e9der au collage des radars il est n\u00e9cessaire de d\u00e9graisser le support pour une meilleure accroche et durabilit\u00e9. Un nettoyage \u00e0 l&rsquo;alcool est suffisant ou au d\u00e9graissant. J&rsquo;ai ensuite ins\u00e9rer le radar et marquer l&#8217;emplacement au marqueur pour obtenir la position id\u00e9al lors du collage.&nbsp;<\/p>\t\t\t\t\t\t\t\t<\/div>\n\t\t\t\t<\/div>\n\t\t\t\t<div class=\"elementor-element elementor-element-c104145 elementor-widget elementor-widget-image-gallery\" data-id=\"c104145\" data-element_type=\"widget\" data-e-type=\"widget\" data-widget_type=\"image-gallery.default\">\n\t\t\t\t<div class=\"elementor-widget-container\">\n\t\t\t\t\t\t\t<div class=\"elementor-image-gallery\">\n\t\t\t<div id='gallery-44' class='gallery galleryid-851 gallery-columns-2 gallery-size-medium'><figure class='gallery-item'>\n\t\t\t<div class='gallery-icon landscape'>\n\t\t\t\t<a data-elementor-open-lightbox=\"yes\" data-elementor-lightbox-slideshow=\"c104145\" data-elementor-lightbox-title=\"Installation radar de recul Porsche 996\" data-elementor-lightbox-description=\"Installation radar de recul Porsche 996\" data-e-action-hash=\"#elementor-action%3Aaction%3Dlightbox%26settings%3DeyJpZCI6MTMxMSwidXJsIjoiaHR0cHM6XC9cL215OTk2LmZyXC93cC1jb250ZW50XC91cGxvYWRzXC8yMDIzXC8wN1wvSU1HXzExNDctZTE2OTMzMDIxMDM0ODQuanBlZyIsInNsaWRlc2hvdyI6ImMxMDQxNDUifQ%3D%3D\" href='https:\/\/my996.fr\/wp-content\/uploads\/2023\/07\/IMG_1147-e1693302103484.jpeg'><img loading=\"lazy\" decoding=\"async\" width=\"300\" height=\"300\" src=\"https:\/\/my996.fr\/wp-content\/uploads\/2023\/07\/IMG_1147-e1693302103484-300x300.jpeg\" class=\"attachment-medium size-medium\" alt=\"Installation radar de recul Porsche 996\" srcset=\"https:\/\/my996.fr\/wp-content\/uploads\/2023\/07\/IMG_1147-e1693302103484-300x300.jpeg 300w, https:\/\/my996.fr\/wp-content\/uploads\/2023\/07\/IMG_1147-e1693302103484-1024x1024.jpeg 1024w, https:\/\/my996.fr\/wp-content\/uploads\/2023\/07\/IMG_1147-e1693302103484-150x150.jpeg 150w, https:\/\/my996.fr\/wp-content\/uploads\/2023\/07\/IMG_1147-e1693302103484-768x768.jpeg 768w, https:\/\/my996.fr\/wp-content\/uploads\/2023\/07\/IMG_1147-e1693302103484-600x600.jpeg 600w, https:\/\/my996.fr\/wp-content\/uploads\/2023\/07\/IMG_1147-e1693302103484-100x100.jpeg 100w, https:\/\/my996.fr\/wp-content\/uploads\/2023\/07\/IMG_1147-e1693302103484.jpeg 1536w\" sizes=\"(max-width: 300px) 100vw, 300px\" \/><\/a>\n\t\t\t<\/div><\/figure><figure class='gallery-item'>\n\t\t\t<div class='gallery-icon landscape'>\n\t\t\t\t<a data-elementor-open-lightbox=\"yes\" data-elementor-lightbox-slideshow=\"c104145\" data-elementor-lightbox-title=\"Installation radar de recul Porsche 996\" data-elementor-lightbox-description=\"Installation radar de recul Porsche 996\" data-e-action-hash=\"#elementor-action%3Aaction%3Dlightbox%26settings%3DeyJpZCI6MTMxNSwidXJsIjoiaHR0cHM6XC9cL215OTk2LmZyXC93cC1jb250ZW50XC91cGxvYWRzXC8yMDIzXC8wN1wvSU1HXzExNDItZTE2OTMzMDIxMjgzNzUuanBlZyIsInNsaWRlc2hvdyI6ImMxMDQxNDUifQ%3D%3D\" href='https:\/\/my996.fr\/wp-content\/uploads\/2023\/07\/IMG_1142-e1693302128375.jpeg'><img loading=\"lazy\" decoding=\"async\" width=\"300\" height=\"300\" src=\"https:\/\/my996.fr\/wp-content\/uploads\/2023\/07\/IMG_1142-e1693302128375-300x300.jpeg\" class=\"attachment-medium size-medium\" alt=\"Installation radar de recul Porsche 996\" srcset=\"https:\/\/my996.fr\/wp-content\/uploads\/2023\/07\/IMG_1142-e1693302128375-300x300.jpeg 300w, https:\/\/my996.fr\/wp-content\/uploads\/2023\/07\/IMG_1142-e1693302128375-1024x1024.jpeg 1024w, https:\/\/my996.fr\/wp-content\/uploads\/2023\/07\/IMG_1142-e1693302128375-150x150.jpeg 150w, https:\/\/my996.fr\/wp-content\/uploads\/2023\/07\/IMG_1142-e1693302128375-768x768.jpeg 768w, https:\/\/my996.fr\/wp-content\/uploads\/2023\/07\/IMG_1142-e1693302128375-600x600.jpeg 600w, https:\/\/my996.fr\/wp-content\/uploads\/2023\/07\/IMG_1142-e1693302128375-100x100.jpeg 100w, https:\/\/my996.fr\/wp-content\/uploads\/2023\/07\/IMG_1142-e1693302128375.jpeg 1536w\" sizes=\"(max-width: 300px) 100vw, 300px\" \/><\/a>\n\t\t\t<\/div><\/figure>\n\t\t<\/div>\n\t\t<\/div>\n\t\t\t\t\t\t<\/div>\n\t\t\t\t<\/div>\n\t\t\t\t<div class=\"elementor-element elementor-element-1e41ef3 elementor-widget elementor-widget-text-editor\" data-id=\"1e41ef3\" data-element_type=\"widget\" data-e-type=\"widget\" data-widget_type=\"text-editor.default\">\n\t\t\t\t<div class=\"elementor-widget-container\">\n\t\t\t\t\t\t\t\t\t<p>V\u00e9rifier que le capteur est bien affleurant au pare choc si ce n&rsquo;est pas le cas visser ou d\u00e9visser la bague pour reculer\/avancer le capteur. Attention au sens du capteur une fl\u00e8che indique la position dans laquelle il doit \u00eatre coll\u00e9.&nbsp; La fl\u00e8che doit \u00eatre en direction du haut.&nbsp;<\/p>\n<p>Une fois les r\u00e9glages et la v\u00e9rification du sens, le capteur peut-\u00eatre coll\u00e9, il suffit d&rsquo;enlever le film 3m et de coller le capteur dans la zone dont le pr\u00e9marquage a \u00e9t\u00e9 fait auparavant au marqueur.&nbsp;<\/p>\t\t\t\t\t\t\t\t<\/div>\n\t\t\t\t<\/div>\n\t\t\t\t<div class=\"elementor-element elementor-element-562ca1d elementor-widget elementor-widget-heading\" data-id=\"562ca1d\" data-element_type=\"widget\" data-e-type=\"widget\" data-widget_type=\"heading.default\">\n\t\t\t\t<div class=\"elementor-widget-container\">\n\t\t\t\t\t<h2 class=\"elementor-heading-title elementor-size-default\">installation du faisceau des radars<\/h2>\t\t\t\t<\/div>\n\t\t\t\t<\/div>\n\t\t\t\t<div class=\"elementor-element elementor-element-febae26 elementor-widget elementor-widget-text-editor\" data-id=\"febae26\" data-element_type=\"widget\" data-e-type=\"widget\" data-widget_type=\"text-editor.default\">\n\t\t\t\t<div class=\"elementor-widget-container\">\n\t\t\t\t\t\t\t\t\t<p>Avant d&rsquo;effectuer l&rsquo;installation il est n\u00e9cessaire de d\u00e9brancher la batterie pour \u00e9viter une mauvaise manipulation. U<span style=\"text-align: justify;\">n tutoriel est disponible<\/span>&nbsp;:&nbsp;<a title=\"Porsche 996 \u2013 D\u00e9brancher \/ Rebrancher la batterie\" href=\"https:\/\/my996.fr\/?p=839\" target=\"_blank\" rel=\"noopener\">Porsche 996 \u2013 D\u00e9brancher \/ Rebrancher la batterie<\/a><\/p>\n<p>J&rsquo;ai d\u00e9cid\u00e9 d&rsquo;installer le boitier ainsi que le haut-parleur derri\u00e8re les si\u00e8ges arri\u00e8re, c&rsquo;est un emplacement facilement accessible si besoin. Je voulais que l&rsquo;installation soit la plus proche possible de l&rsquo;origine tout en \u00e9tant r\u00e9versible.&nbsp;<\/p>\t\t\t\t\t\t\t\t<\/div>\n\t\t\t\t<\/div>\n\t\t\t\t<div class=\"elementor-element elementor-element-53006c0 elementor-widget elementor-widget-image-gallery\" data-id=\"53006c0\" data-element_type=\"widget\" data-e-type=\"widget\" data-widget_type=\"image-gallery.default\">\n\t\t\t\t<div class=\"elementor-widget-container\">\n\t\t\t\t\t\t\t<div class=\"elementor-image-gallery\">\n\t\t\t<div id='gallery-45' class='gallery galleryid-851 gallery-columns-1 gallery-size-large'><figure class='gallery-item'>\n\t\t\t<div class='gallery-icon landscape'>\n\t\t\t\t<a data-elementor-open-lightbox=\"yes\" data-elementor-lightbox-slideshow=\"53006c0\" data-elementor-lightbox-title=\"IMG_1095\" data-e-action-hash=\"#elementor-action%3Aaction%3Dlightbox%26settings%3DeyJpZCI6MTM0MCwidXJsIjoiaHR0cHM6XC9cL215OTk2LmZyXC93cC1jb250ZW50XC91cGxvYWRzXC8yMDIzXC8wN1wvSU1HXzEwOTUtZTE2OTMzMDcxNTkzNjQuanBlZyIsInNsaWRlc2hvdyI6IjUzMDA2YzAifQ%3D%3D\" href='https:\/\/my996.fr\/wp-content\/uploads\/2023\/07\/IMG_1095-e1693307159364.jpeg'><img loading=\"lazy\" decoding=\"async\" width=\"1024\" height=\"823\" src=\"https:\/\/my996.fr\/wp-content\/uploads\/2023\/07\/IMG_1095-e1693307159364-1024x823.jpeg\" class=\"attachment-large size-large\" alt=\"\" srcset=\"https:\/\/my996.fr\/wp-content\/uploads\/2023\/07\/IMG_1095-e1693307159364-1024x823.jpeg 1024w, https:\/\/my996.fr\/wp-content\/uploads\/2023\/07\/IMG_1095-e1693307159364-300x241.jpeg 300w, https:\/\/my996.fr\/wp-content\/uploads\/2023\/07\/IMG_1095-e1693307159364-768x618.jpeg 768w, https:\/\/my996.fr\/wp-content\/uploads\/2023\/07\/IMG_1095-e1693307159364-600x482.jpeg 600w, https:\/\/my996.fr\/wp-content\/uploads\/2023\/07\/IMG_1095-e1693307159364.jpeg 1536w\" sizes=\"(max-width: 1024px) 100vw, 1024px\" \/><\/a>\n\t\t\t<\/div><\/figure>\n\t\t<\/div>\n\t\t<\/div>\n\t\t\t\t\t\t<\/div>\n\t\t\t\t<\/div>\n\t\t\t\t<div class=\"elementor-element elementor-element-1ff0fa1 elementor-widget elementor-widget-text-editor\" data-id=\"1ff0fa1\" data-element_type=\"widget\" data-e-type=\"widget\" data-widget_type=\"text-editor.default\">\n\t\t\t\t<div class=\"elementor-widget-container\">\n\t\t\t\t\t\t\t\t\t<p>Avant de commencer j&rsquo;ai d\u00e9mont\u00e9 le feux arri\u00e8re droit, il n&rsquo;est pas n\u00e9cessaire de d\u00e9monter celui de gauche mais je trouve qu&rsquo;il est plus facile lors du remontage d&rsquo;avoir les deux feux d\u00e9mont\u00e9s pour repositionner le pare-chocs correctement. Un tutoriel est disponible :&nbsp;<a title=\"Porsche 996 \u2013 D\u00e9montage feux arri\u00e8res\" href=\"https:\/\/my996.fr\/?p=539\" target=\"_blank\" rel=\"noopener\">Porsche 996 \u2013 D\u00e9montage feux arri\u00e8res<\/a><\/p>\t\t\t\t\t\t\t\t<\/div>\n\t\t\t\t<\/div>\n\t\t\t\t<div class=\"elementor-element elementor-element-9909f4b elementor-widget elementor-widget-heading\" data-id=\"9909f4b\" data-element_type=\"widget\" data-e-type=\"widget\" data-widget_type=\"heading.default\">\n\t\t\t\t<div class=\"elementor-widget-container\">\n\t\t\t\t\t<h3 class=\"elementor-heading-title elementor-size-default\">1 - Passage du c\u00e2ble des radars<\/h3>\t\t\t\t<\/div>\n\t\t\t\t<\/div>\n\t\t\t\t<div class=\"elementor-element elementor-element-7e172c4 elementor-widget elementor-widget-image-gallery\" data-id=\"7e172c4\" data-element_type=\"widget\" data-e-type=\"widget\" data-widget_type=\"image-gallery.default\">\n\t\t\t\t<div class=\"elementor-widget-container\">\n\t\t\t\t\t\t\t<div class=\"elementor-image-gallery\">\n\t\t\t<div id='gallery-46' class='gallery galleryid-851 gallery-columns-1 gallery-size-medium_large'><figure class='gallery-item'>\n\t\t\t<div class='gallery-icon portrait'>\n\t\t\t\t<a data-elementor-open-lightbox=\"yes\" data-elementor-lightbox-slideshow=\"7e172c4\" data-elementor-lightbox-title=\"Installation radar de recul Porsche 996\" data-elementor-lightbox-description=\"Installation radar de recul Porsche 996\" data-e-action-hash=\"#elementor-action%3Aaction%3Dlightbox%26settings%3DeyJpZCI6MTM0MSwidXJsIjoiaHR0cHM6XC9cL215OTk2LmZyXC93cC1jb250ZW50XC91cGxvYWRzXC8yMDIzXC8wN1wvSU1HXzEwOTcucG5nIiwic2xpZGVzaG93IjoiN2UxNzJjNCJ9\" href='https:\/\/my996.fr\/wp-content\/uploads\/2023\/07\/IMG_1097.png'><img loading=\"lazy\" decoding=\"async\" width=\"768\" height=\"1024\" src=\"https:\/\/my996.fr\/wp-content\/uploads\/2023\/07\/IMG_1097-768x1024.png\" class=\"attachment-medium_large size-medium_large\" alt=\"Installation radar de recul Porsche 996\" aria-describedby=\"gallery-46-1341\" srcset=\"https:\/\/my996.fr\/wp-content\/uploads\/2023\/07\/IMG_1097-768x1024.png 768w, https:\/\/my996.fr\/wp-content\/uploads\/2023\/07\/IMG_1097-225x300.png 225w, https:\/\/my996.fr\/wp-content\/uploads\/2023\/07\/IMG_1097-1152x1536.png 1152w, https:\/\/my996.fr\/wp-content\/uploads\/2023\/07\/IMG_1097-600x800.png 600w, https:\/\/my996.fr\/wp-content\/uploads\/2023\/07\/IMG_1097.png 1536w\" sizes=\"(max-width: 768px) 100vw, 768px\" \/><\/a>\n\t\t\t<\/div>\n\t\t\t\t<figcaption class='wp-caption-text gallery-caption' id='gallery-46-1341'>\n\t\t\t\tTrou de passage du c\u00e2ble (Fl\u00e8che rouge)\n\t\t\t\t<\/figcaption><\/figure>\n\t\t<\/div>\n\t\t<\/div>\n\t\t\t\t\t\t<\/div>\n\t\t\t\t<\/div>\n\t\t\t\t<div class=\"elementor-element elementor-element-24fdca1 elementor-widget elementor-widget-text-editor\" data-id=\"24fdca1\" data-element_type=\"widget\" data-e-type=\"widget\" data-widget_type=\"text-editor.default\">\n\t\t\t\t<div class=\"elementor-widget-container\">\n\t\t\t\t\t\t\t\t\t<p>Sur le c\u00f4te droit au dessus du pare chaleur, un trou est d\u00e9j\u00e0 pr\u00e9sent il sert sans doute \u00e0 passer le faisceau des radars pour les v\u00e9hicules \u00e9quip\u00e9s d&rsquo;origine. Nous allons passer notre c\u00e2ble par celui-ci.&nbsp;<\/p><p>Il faut ins\u00e9rer les cosses en plastique blanche qui ont une \u00e9tiquette mentionnant la lettre du radar A,B,C,D. Ces cosses doivent \u00eatre branch\u00e9es sur le boitier que nous installerons derri\u00e8re les si\u00e8ges arri\u00e8re. L&rsquo;autre c\u00f4t\u00e9 du c\u00e2ble sera \u00e0 branch\u00e9 sur chaque radar en vissant la rondelle, nous effectuerons cette \u00e9tape \u00e0 la fin de l&rsquo;installation.<\/p>\t\t\t\t\t\t\t\t<\/div>\n\t\t\t\t<\/div>\n\t\t\t\t<div class=\"elementor-element elementor-element-652b4e8 elementor-widget elementor-widget-image-gallery\" data-id=\"652b4e8\" data-element_type=\"widget\" data-e-type=\"widget\" data-widget_type=\"image-gallery.default\">\n\t\t\t\t<div class=\"elementor-widget-container\">\n\t\t\t\t\t\t\t<div class=\"elementor-image-gallery\">\n\t\t\t<div id='gallery-47' class='gallery galleryid-851 gallery-columns-2 gallery-size-medium'><figure class='gallery-item'>\n\t\t\t<div class='gallery-icon landscape'>\n\t\t\t\t<a data-elementor-open-lightbox=\"yes\" data-elementor-lightbox-slideshow=\"652b4e8\" data-elementor-lightbox-title=\"Installation radar de recul Porsche 996\" data-elementor-lightbox-description=\"Installation radar de recul Porsche 996\" data-e-action-hash=\"#elementor-action%3Aaction%3Dlightbox%26settings%3DeyJpZCI6MTM0MywidXJsIjoiaHR0cHM6XC9cL215OTk2LmZyXC93cC1jb250ZW50XC91cGxvYWRzXC8yMDIzXC8wN1wvSU1HXzEwOTgtZTE2OTMzMDgwMzAyODguanBlZyIsInNsaWRlc2hvdyI6IjY1MmI0ZTgifQ%3D%3D\" href='https:\/\/my996.fr\/wp-content\/uploads\/2023\/07\/IMG_1098-e1693308030288.jpeg'><img loading=\"lazy\" decoding=\"async\" width=\"300\" height=\"300\" src=\"https:\/\/my996.fr\/wp-content\/uploads\/2023\/07\/IMG_1098-e1693308030288-300x300.jpeg\" class=\"attachment-medium size-medium\" alt=\"Installation radar de recul Porsche 996\" srcset=\"https:\/\/my996.fr\/wp-content\/uploads\/2023\/07\/IMG_1098-e1693308030288-300x300.jpeg 300w, https:\/\/my996.fr\/wp-content\/uploads\/2023\/07\/IMG_1098-e1693308030288-1024x1024.jpeg 1024w, https:\/\/my996.fr\/wp-content\/uploads\/2023\/07\/IMG_1098-e1693308030288-150x150.jpeg 150w, https:\/\/my996.fr\/wp-content\/uploads\/2023\/07\/IMG_1098-e1693308030288-768x768.jpeg 768w, https:\/\/my996.fr\/wp-content\/uploads\/2023\/07\/IMG_1098-e1693308030288-600x600.jpeg 600w, https:\/\/my996.fr\/wp-content\/uploads\/2023\/07\/IMG_1098-e1693308030288-100x100.jpeg 100w, https:\/\/my996.fr\/wp-content\/uploads\/2023\/07\/IMG_1098-e1693308030288.jpeg 1536w\" sizes=\"(max-width: 300px) 100vw, 300px\" \/><\/a>\n\t\t\t<\/div><\/figure><figure class='gallery-item'>\n\t\t\t<div class='gallery-icon landscape'>\n\t\t\t\t<a data-elementor-open-lightbox=\"yes\" data-elementor-lightbox-slideshow=\"652b4e8\" data-elementor-lightbox-title=\"Installation radar de recul Porsche 996\" data-elementor-lightbox-description=\"Installation radar de recul Porsche 996\" data-e-action-hash=\"#elementor-action%3Aaction%3Dlightbox%26settings%3DeyJpZCI6MTM0MiwidXJsIjoiaHR0cHM6XC9cL215OTk2LmZyXC93cC1jb250ZW50XC91cGxvYWRzXC8yMDIzXC8wN1wvSU1HXzExMDAtZTE2OTMzMDgwNzIxMjAuanBlZyIsInNsaWRlc2hvdyI6IjY1MmI0ZTgifQ%3D%3D\" href='https:\/\/my996.fr\/wp-content\/uploads\/2023\/07\/IMG_1100-e1693308072120.jpeg'><img loading=\"lazy\" decoding=\"async\" width=\"300\" height=\"300\" src=\"https:\/\/my996.fr\/wp-content\/uploads\/2023\/07\/IMG_1100-e1693308072120-300x300.jpeg\" class=\"attachment-medium size-medium\" alt=\"Installation radar de recul Porsche 996\" srcset=\"https:\/\/my996.fr\/wp-content\/uploads\/2023\/07\/IMG_1100-e1693308072120-300x300.jpeg 300w, https:\/\/my996.fr\/wp-content\/uploads\/2023\/07\/IMG_1100-e1693308072120-1024x1024.jpeg 1024w, https:\/\/my996.fr\/wp-content\/uploads\/2023\/07\/IMG_1100-e1693308072120-150x150.jpeg 150w, https:\/\/my996.fr\/wp-content\/uploads\/2023\/07\/IMG_1100-e1693308072120-768x768.jpeg 768w, https:\/\/my996.fr\/wp-content\/uploads\/2023\/07\/IMG_1100-e1693308072120-600x600.jpeg 600w, https:\/\/my996.fr\/wp-content\/uploads\/2023\/07\/IMG_1100-e1693308072120-100x100.jpeg 100w, https:\/\/my996.fr\/wp-content\/uploads\/2023\/07\/IMG_1100-e1693308072120.jpeg 1112w\" sizes=\"(max-width: 300px) 100vw, 300px\" \/><\/a>\n\t\t\t<\/div><\/figure>\n\t\t<\/div>\n\t\t<\/div>\n\t\t\t\t\t\t<\/div>\n\t\t\t\t<\/div>\n\t\t\t\t<div class=\"elementor-element elementor-element-0396e60 elementor-widget elementor-widget-text-editor\" data-id=\"0396e60\" data-element_type=\"widget\" data-e-type=\"widget\" data-widget_type=\"text-editor.default\">\n\t\t\t\t<div class=\"elementor-widget-container\">\n\t\t\t\t\t\t\t\t\t<p>Le c\u00e2ble ressort \u00e0 droite de la boite \u00e0 air dans le compartiment moteur, c&rsquo;est un emplacement id\u00e9al car le faisceau \u00e9lectrique est situ\u00e9 juste au dessus.<\/p>\t\t\t\t\t\t\t\t<\/div>\n\t\t\t\t<\/div>\n\t\t\t\t<div class=\"elementor-element elementor-element-ef9c4cb elementor-widget elementor-widget-image-gallery\" data-id=\"ef9c4cb\" data-element_type=\"widget\" data-e-type=\"widget\" data-widget_type=\"image-gallery.default\">\n\t\t\t\t<div class=\"elementor-widget-container\">\n\t\t\t\t\t\t\t<div class=\"elementor-image-gallery\">\n\t\t\t<div id='gallery-48' class='gallery galleryid-851 gallery-columns-2 gallery-size-medium'><figure class='gallery-item'>\n\t\t\t<div class='gallery-icon landscape'>\n\t\t\t\t<a data-elementor-open-lightbox=\"yes\" data-elementor-lightbox-slideshow=\"ef9c4cb\" data-elementor-lightbox-title=\"Installation radar de recul Porsche 996\" data-elementor-lightbox-description=\"Installation radar de recul Porsche 996\" data-e-action-hash=\"#elementor-action%3Aaction%3Dlightbox%26settings%3DeyJpZCI6MTM0OSwidXJsIjoiaHR0cHM6XC9cL215OTk2LmZyXC93cC1jb250ZW50XC91cGxvYWRzXC8yMDIzXC8wN1wvSU1HXzExNTctZTE2OTMzMDg5MDg2NDAucG5nIiwic2xpZGVzaG93IjoiZWY5YzRjYiJ9\" href='https:\/\/my996.fr\/wp-content\/uploads\/2023\/07\/IMG_1157-e1693308908640.png'><img loading=\"lazy\" decoding=\"async\" width=\"300\" height=\"300\" src=\"https:\/\/my996.fr\/wp-content\/uploads\/2023\/07\/IMG_1157-e1693308908640-300x300.png\" class=\"attachment-medium size-medium\" alt=\"Installation radar de recul Porsche 996\" srcset=\"https:\/\/my996.fr\/wp-content\/uploads\/2023\/07\/IMG_1157-e1693308908640-300x300.png 300w, https:\/\/my996.fr\/wp-content\/uploads\/2023\/07\/IMG_1157-e1693308908640-1024x1024.png 1024w, https:\/\/my996.fr\/wp-content\/uploads\/2023\/07\/IMG_1157-e1693308908640-150x150.png 150w, https:\/\/my996.fr\/wp-content\/uploads\/2023\/07\/IMG_1157-e1693308908640-768x768.png 768w, https:\/\/my996.fr\/wp-content\/uploads\/2023\/07\/IMG_1157-e1693308908640-600x600.png 600w, https:\/\/my996.fr\/wp-content\/uploads\/2023\/07\/IMG_1157-e1693308908640-100x100.png 100w, https:\/\/my996.fr\/wp-content\/uploads\/2023\/07\/IMG_1157-e1693308908640.png 1536w\" sizes=\"(max-width: 300px) 100vw, 300px\" \/><\/a>\n\t\t\t<\/div><\/figure><figure class='gallery-item'>\n\t\t\t<div class='gallery-icon landscape'>\n\t\t\t\t<a data-elementor-open-lightbox=\"yes\" data-elementor-lightbox-slideshow=\"ef9c4cb\" data-elementor-lightbox-title=\"Installation radar de recul Porsche 996\" data-elementor-lightbox-description=\"Installation radar de recul Porsche 996\" data-e-action-hash=\"#elementor-action%3Aaction%3Dlightbox%26settings%3DeyJpZCI6MTM1MCwidXJsIjoiaHR0cHM6XC9cL215OTk2LmZyXC93cC1jb250ZW50XC91cGxvYWRzXC8yMDIzXC8wN1wvSU1HXzExNTktZTE2OTMzMDg5Mzc0ODAuanBlZyIsInNsaWRlc2hvdyI6ImVmOWM0Y2IifQ%3D%3D\" href='https:\/\/my996.fr\/wp-content\/uploads\/2023\/07\/IMG_1159-e1693308937480.jpeg'><img loading=\"lazy\" decoding=\"async\" width=\"300\" height=\"300\" src=\"https:\/\/my996.fr\/wp-content\/uploads\/2023\/07\/IMG_1159-e1693308937480-300x300.jpeg\" class=\"attachment-medium size-medium\" alt=\"Installation radar de recul Porsche 996\" srcset=\"https:\/\/my996.fr\/wp-content\/uploads\/2023\/07\/IMG_1159-e1693308937480-300x300.jpeg 300w, https:\/\/my996.fr\/wp-content\/uploads\/2023\/07\/IMG_1159-e1693308937480-1024x1024.jpeg 1024w, https:\/\/my996.fr\/wp-content\/uploads\/2023\/07\/IMG_1159-e1693308937480-150x150.jpeg 150w, https:\/\/my996.fr\/wp-content\/uploads\/2023\/07\/IMG_1159-e1693308937480-768x768.jpeg 768w, https:\/\/my996.fr\/wp-content\/uploads\/2023\/07\/IMG_1159-e1693308937480-600x600.jpeg 600w, https:\/\/my996.fr\/wp-content\/uploads\/2023\/07\/IMG_1159-e1693308937480-100x100.jpeg 100w, https:\/\/my996.fr\/wp-content\/uploads\/2023\/07\/IMG_1159-e1693308937480.jpeg 1536w\" sizes=\"(max-width: 300px) 100vw, 300px\" \/><\/a>\n\t\t\t<\/div><\/figure>\n\t\t<\/div>\n\t\t<\/div>\n\t\t\t\t\t\t<\/div>\n\t\t\t\t<\/div>\n\t\t\t\t<div class=\"elementor-element elementor-element-34e790d elementor-widget elementor-widget-text-editor\" data-id=\"34e790d\" data-element_type=\"widget\" data-e-type=\"widget\" data-widget_type=\"text-editor.default\">\n\t\t\t\t<div class=\"elementor-widget-container\">\n\t\t\t\t\t\t\t\t\t<p>Le faisceau \u00e9lectrique rejoint l&rsquo;habitacle en traversant un cache en caoutchouc, il va falloir faire un trou d&rsquo;environ 1 cm de diam\u00e8tre dans celui-ci pour passer le c\u00e2ble des capteurs. Le plus simple est d&rsquo;utiliser un petit tournevis, de le chauffer et de transpercer le cache, ensuite il suffit de finir proprement au cutter.&nbsp;<\/p>\n<p>Attention \u00e0 ne pas endommager le faisceau \u00e9lectrique du moteur, le plus simple est de percer un peu plus loin que celui-ci pour \u00e9viter de le toucher.<\/p>\n<p>Le cache est assez profond, il faudra donc beaucoup de patience pour le percer, il a tendance \u00e0 durcir avec le temps, mais le r\u00e9sultat sera au rendez-vous et le rendu aussi propre que d&rsquo;origine.<\/p>\t\t\t\t\t\t\t\t<\/div>\n\t\t\t\t<\/div>\n\t\t\t\t<div class=\"elementor-element elementor-element-83fdd52 elementor-widget elementor-widget-image-gallery\" data-id=\"83fdd52\" data-element_type=\"widget\" data-e-type=\"widget\" data-widget_type=\"image-gallery.default\">\n\t\t\t\t<div class=\"elementor-widget-container\">\n\t\t\t\t\t\t\t<div class=\"elementor-image-gallery\">\n\t\t\t<div id='gallery-49' class='gallery galleryid-851 gallery-columns-1 gallery-size-medium'><figure class='gallery-item'>\n\t\t\t<div class='gallery-icon landscape'>\n\t\t\t\t<a data-elementor-open-lightbox=\"yes\" data-elementor-lightbox-slideshow=\"83fdd52\" data-elementor-lightbox-title=\"Installation radar de recul Porsche 996\" data-e-action-hash=\"#elementor-action%3Aaction%3Dlightbox%26settings%3DeyJpZCI6MTM1MSwidXJsIjoiaHR0cHM6XC9cL215OTk2LmZyXC93cC1jb250ZW50XC91cGxvYWRzXC8yMDIzXC8wN1wvSU1HXzExNjEtZTE2OTMzMDk1ODIxOTYuanBlZyIsInNsaWRlc2hvdyI6IjgzZmRkNTIifQ%3D%3D\" href='https:\/\/my996.fr\/wp-content\/uploads\/2023\/07\/IMG_1161-e1693309582196.jpeg'><img loading=\"lazy\" decoding=\"async\" width=\"300\" height=\"300\" src=\"https:\/\/my996.fr\/wp-content\/uploads\/2023\/07\/IMG_1161-e1693309582196-300x300.jpeg\" class=\"attachment-medium size-medium\" alt=\"Installation radar de recul Porsche 996\" aria-describedby=\"gallery-49-1351\" srcset=\"https:\/\/my996.fr\/wp-content\/uploads\/2023\/07\/IMG_1161-e1693309582196-300x300.jpeg 300w, https:\/\/my996.fr\/wp-content\/uploads\/2023\/07\/IMG_1161-e1693309582196-1024x1024.jpeg 1024w, https:\/\/my996.fr\/wp-content\/uploads\/2023\/07\/IMG_1161-e1693309582196-150x150.jpeg 150w, https:\/\/my996.fr\/wp-content\/uploads\/2023\/07\/IMG_1161-e1693309582196-768x768.jpeg 768w, https:\/\/my996.fr\/wp-content\/uploads\/2023\/07\/IMG_1161-e1693309582196-600x600.jpeg 600w, https:\/\/my996.fr\/wp-content\/uploads\/2023\/07\/IMG_1161-e1693309582196-100x100.jpeg 100w, https:\/\/my996.fr\/wp-content\/uploads\/2023\/07\/IMG_1161-e1693309582196.jpeg 1536w\" sizes=\"(max-width: 300px) 100vw, 300px\" \/><\/a>\n\t\t\t<\/div>\n\t\t\t\t<figcaption class='wp-caption-text gallery-caption' id='gallery-49-1351'>\n\t\t\t\tUtiliser un c\u00e2ble \u00e9lectrique pour tirer les fils des radars.\n\t\t\t\t<\/figcaption><\/figure>\n\t\t<\/div>\n\t\t<\/div>\n\t\t\t\t\t\t<\/div>\n\t\t\t\t<\/div>\n\t\t\t\t<div class=\"elementor-element elementor-element-96a653e elementor-widget elementor-widget-text-editor\" data-id=\"96a653e\" data-element_type=\"widget\" data-e-type=\"widget\" data-widget_type=\"text-editor.default\">\n\t\t\t\t<div class=\"elementor-widget-container\">\n\t\t\t\t\t\t\t\t\t<p>Voil\u00e0 le trou est fait,\u00a0 je v\u00e9rifie le passage avec un c\u00e2ble \u00e9lectrique assez rigide. Il ne reste plus qu&rsquo;a d\u00e9monter les garnitures arri\u00e8re dans l&rsquo;habitacle afin d&rsquo;am\u00e9nager l&rsquo;installation.<\/p>\t\t\t\t\t\t\t\t<\/div>\n\t\t\t\t<\/div>\n\t\t\t\t<div class=\"elementor-element elementor-element-f68d23c elementor-widget elementor-widget-heading\" data-id=\"f68d23c\" data-element_type=\"widget\" data-e-type=\"widget\" data-widget_type=\"heading.default\">\n\t\t\t\t<div class=\"elementor-widget-container\">\n\t\t\t\t\t<h3 class=\"elementor-heading-title elementor-size-default\">2 - D\u00e9montage de la garniture arri\u00e8re<\/h3>\t\t\t\t<\/div>\n\t\t\t\t<\/div>\n\t\t\t\t<div class=\"elementor-element elementor-element-aba5d19 elementor-widget elementor-widget-text-editor\" data-id=\"aba5d19\" data-element_type=\"widget\" data-e-type=\"widget\" data-widget_type=\"text-editor.default\">\n\t\t\t\t<div class=\"elementor-widget-container\">\n\t\t\t\t\t\t\t\t\tPour poursuivre l&rsquo;installation nous avons besoin de retirer la moquette de la plage arri\u00e8re il suffit simplement de la tir\u00e9e vers le haut en prenant soin de bien retirer celle-ci de chaque c\u00f4t\u00e9.\t\t\t\t\t\t\t\t<\/div>\n\t\t\t\t<\/div>\n\t\t\t\t<div class=\"elementor-element elementor-element-cf18757 elementor-widget elementor-widget-image-gallery\" data-id=\"cf18757\" data-element_type=\"widget\" data-e-type=\"widget\" data-widget_type=\"image-gallery.default\">\n\t\t\t\t<div class=\"elementor-widget-container\">\n\t\t\t\t\t\t\t<div class=\"elementor-image-gallery\">\n\t\t\t<div id='gallery-50' class='gallery galleryid-851 gallery-columns-2 gallery-size-medium'><figure class='gallery-item'>\n\t\t\t<div class='gallery-icon landscape'>\n\t\t\t\t<a data-elementor-open-lightbox=\"yes\" data-elementor-lightbox-slideshow=\"cf18757\" data-elementor-lightbox-title=\"Installation radar de recul Porsche 996\" data-elementor-lightbox-description=\"Baisser la banquette et ins\u00e9rer une cl\u00e9 Allen pour d\u00e9visser le support.\" data-e-action-hash=\"#elementor-action%3Aaction%3Dlightbox%26settings%3DeyJpZCI6MTM2MCwidXJsIjoiaHR0cHM6XC9cL215OTk2LmZyXC93cC1jb250ZW50XC91cGxvYWRzXC8yMDIzXC8wOVwvVmlzLXNpZWdlLWUxNjk0MDc3NjIwMzc0LnBuZyIsInNsaWRlc2hvdyI6ImNmMTg3NTcifQ%3D%3D\" href='https:\/\/my996.fr\/wp-content\/uploads\/2023\/09\/Vis-siege-e1694077620374.png'><img loading=\"lazy\" decoding=\"async\" width=\"300\" height=\"300\" src=\"https:\/\/my996.fr\/wp-content\/uploads\/2023\/09\/Vis-siege-e1694077620374-300x300.png\" class=\"attachment-medium size-medium\" alt=\"D\u00e9montage si\u00e8ge arri\u00e8re\" aria-describedby=\"gallery-50-1360\" srcset=\"https:\/\/my996.fr\/wp-content\/uploads\/2023\/09\/Vis-siege-e1694077620374-300x300.png 300w, https:\/\/my996.fr\/wp-content\/uploads\/2023\/09\/Vis-siege-e1694077620374-1024x1024.png 1024w, https:\/\/my996.fr\/wp-content\/uploads\/2023\/09\/Vis-siege-e1694077620374-150x150.png 150w, https:\/\/my996.fr\/wp-content\/uploads\/2023\/09\/Vis-siege-e1694077620374-768x768.png 768w, https:\/\/my996.fr\/wp-content\/uploads\/2023\/09\/Vis-siege-e1694077620374-1536x1536.png 1536w, https:\/\/my996.fr\/wp-content\/uploads\/2023\/09\/Vis-siege-e1694077620374-2048x2048.png 2048w, https:\/\/my996.fr\/wp-content\/uploads\/2023\/09\/Vis-siege-e1694077620374-600x600.png 600w, https:\/\/my996.fr\/wp-content\/uploads\/2023\/09\/Vis-siege-e1694077620374-100x100.png 100w\" sizes=\"(max-width: 300px) 100vw, 300px\" \/><\/a>\n\t\t\t<\/div>\n\t\t\t\t<figcaption class='wp-caption-text gallery-caption' id='gallery-50-1360'>\n\t\t\t\tBaisser la banquette et ins\u00e9rer une cl\u00e9 Allen pour d\u00e9visser le support.\n\t\t\t\t<\/figcaption><\/figure><figure class='gallery-item'>\n\t\t\t<div class='gallery-icon landscape'>\n\t\t\t\t<a data-elementor-open-lightbox=\"yes\" data-elementor-lightbox-slideshow=\"cf18757\" data-elementor-lightbox-title=\"Installation radar de recul Porsche 996\" data-elementor-lightbox-description=\"Soulever le cache et d\u00e9visser la vis avec une cl\u00e9 Allen.\" data-e-action-hash=\"#elementor-action%3Aaction%3Dlightbox%26settings%3DeyJpZCI6MTM2MiwidXJsIjoiaHR0cHM6XC9cL215OTk2LmZyXC93cC1jb250ZW50XC91cGxvYWRzXC8yMDIzXC8wOVwvQ2FjaGUtU2llZ2UtZTE2OTQwNzc2Njk3OTEucG5nIiwic2xpZGVzaG93IjoiY2YxODc1NyJ9\" href='https:\/\/my996.fr\/wp-content\/uploads\/2023\/09\/Cache-Siege-e1694077669791.png'><img loading=\"lazy\" decoding=\"async\" width=\"300\" height=\"300\" src=\"https:\/\/my996.fr\/wp-content\/uploads\/2023\/09\/Cache-Siege-e1694077669791-300x300.png\" class=\"attachment-medium size-medium\" alt=\"D\u00e9montage si\u00e8ge arri\u00e8re\" aria-describedby=\"gallery-50-1362\" srcset=\"https:\/\/my996.fr\/wp-content\/uploads\/2023\/09\/Cache-Siege-e1694077669791-300x300.png 300w, https:\/\/my996.fr\/wp-content\/uploads\/2023\/09\/Cache-Siege-e1694077669791-1024x1024.png 1024w, https:\/\/my996.fr\/wp-content\/uploads\/2023\/09\/Cache-Siege-e1694077669791-150x150.png 150w, https:\/\/my996.fr\/wp-content\/uploads\/2023\/09\/Cache-Siege-e1694077669791-768x768.png 768w, https:\/\/my996.fr\/wp-content\/uploads\/2023\/09\/Cache-Siege-e1694077669791-1536x1536.png 1536w, https:\/\/my996.fr\/wp-content\/uploads\/2023\/09\/Cache-Siege-e1694077669791-2048x2048.png 2048w, https:\/\/my996.fr\/wp-content\/uploads\/2023\/09\/Cache-Siege-e1694077669791-600x600.png 600w, https:\/\/my996.fr\/wp-content\/uploads\/2023\/09\/Cache-Siege-e1694077669791-100x100.png 100w\" sizes=\"(max-width: 300px) 100vw, 300px\" \/><\/a>\n\t\t\t<\/div>\n\t\t\t\t<figcaption class='wp-caption-text gallery-caption' id='gallery-50-1362'>\n\t\t\t\tSoulever le cache et d\u00e9visser la vis avec une cl\u00e9 Allen.\n\t\t\t\t<\/figcaption><\/figure><figure class='gallery-item'>\n\t\t\t<div class='gallery-icon landscape'>\n\t\t\t\t<a data-elementor-open-lightbox=\"yes\" data-elementor-lightbox-slideshow=\"cf18757\" data-elementor-lightbox-title=\"Installation radar de recul Porsche 996\" data-elementor-lightbox-description=\"Soulever le cache et d\u00e9visser la vis avec une cl\u00e9 Allen.\" data-e-action-hash=\"#elementor-action%3Aaction%3Dlightbox%26settings%3DeyJpZCI6MTM2MSwidXJsIjoiaHR0cHM6XC9cL215OTk2LmZyXC93cC1jb250ZW50XC91cGxvYWRzXC8yMDIzXC8wOVwvQ2FjaGUtc2llZ2UtMi1lMTY5NDA3NzcyMzcyNi5wbmciLCJzbGlkZXNob3ciOiJjZjE4NzU3In0%3D\" href='https:\/\/my996.fr\/wp-content\/uploads\/2023\/09\/Cache-siege-2-e1694077723726.png'><img loading=\"lazy\" decoding=\"async\" width=\"300\" height=\"300\" src=\"https:\/\/my996.fr\/wp-content\/uploads\/2023\/09\/Cache-siege-2-e1694077723726-300x300.png\" class=\"attachment-medium size-medium\" alt=\"D\u00e9montage si\u00e8ge arri\u00e8re\" aria-describedby=\"gallery-50-1361\" srcset=\"https:\/\/my996.fr\/wp-content\/uploads\/2023\/09\/Cache-siege-2-e1694077723726-300x300.png 300w, https:\/\/my996.fr\/wp-content\/uploads\/2023\/09\/Cache-siege-2-e1694077723726-1024x1024.png 1024w, https:\/\/my996.fr\/wp-content\/uploads\/2023\/09\/Cache-siege-2-e1694077723726-150x150.png 150w, https:\/\/my996.fr\/wp-content\/uploads\/2023\/09\/Cache-siege-2-e1694077723726-768x768.png 768w, https:\/\/my996.fr\/wp-content\/uploads\/2023\/09\/Cache-siege-2-e1694077723726-1536x1536.png 1536w, https:\/\/my996.fr\/wp-content\/uploads\/2023\/09\/Cache-siege-2-e1694077723726-2048x2048.png 2048w, https:\/\/my996.fr\/wp-content\/uploads\/2023\/09\/Cache-siege-2-e1694077723726-600x600.png 600w, https:\/\/my996.fr\/wp-content\/uploads\/2023\/09\/Cache-siege-2-e1694077723726-100x100.png 100w\" sizes=\"(max-width: 300px) 100vw, 300px\" \/><\/a>\n\t\t\t<\/div>\n\t\t\t\t<figcaption class='wp-caption-text gallery-caption' id='gallery-50-1361'>\n\t\t\t\tSoulever le cache et d\u00e9visser la vis avec une cl\u00e9 Allen.\n\t\t\t\t<\/figcaption><\/figure>\n\t\t<\/div>\n\t\t<\/div>\n\t\t\t\t\t\t<\/div>\n\t\t\t\t<\/div>\n\t\t\t\t<div class=\"elementor-element elementor-element-d5d1524 elementor-widget elementor-widget-text-editor\" data-id=\"d5d1524\" data-element_type=\"widget\" data-e-type=\"widget\" data-widget_type=\"text-editor.default\">\n\t\t\t\t<div class=\"elementor-widget-container\">\n\t\t\t\t\t\t\t\t\t<p>La banquette arri\u00e8re peut maintenant \u00eatre retir\u00e9e de la porsche.<\/p>\t\t\t\t\t\t\t\t<\/div>\n\t\t\t\t<\/div>\n\t\t\t\t<div class=\"elementor-element elementor-element-a588126 elementor-widget elementor-widget-text-editor\" data-id=\"a588126\" data-element_type=\"widget\" data-e-type=\"widget\" data-widget_type=\"text-editor.default\">\n\t\t\t\t<div class=\"elementor-widget-container\">\n\t\t\t\t\t\t\t\t\t<p>Le d\u00e9montage de la garniture arri\u00e8re est assez simple, il faut tout d&rsquo;abord retirer le haut parleur en d\u00e9vissant les deux vis de maintien et le coulisser vers l&rsquo;arri\u00e8re de la voiture car une patte de fixation est pr\u00e9sente. Ne pas oublier de d\u00e9brancher la cosse \u00e9lectrique du haut parleur.<\/p>\t\t\t\t\t\t\t\t<\/div>\n\t\t\t\t<\/div>\n\t\t\t\t<div class=\"elementor-element elementor-element-081376e elementor-widget elementor-widget-image-gallery\" data-id=\"081376e\" data-element_type=\"widget\" data-e-type=\"widget\" data-widget_type=\"image-gallery.default\">\n\t\t\t\t<div class=\"elementor-widget-container\">\n\t\t\t\t\t\t\t<div class=\"elementor-image-gallery\">\n\t\t\t<div id='gallery-51' class='gallery galleryid-851 gallery-columns-1 gallery-size-medium'><figure class='gallery-item'>\n\t\t\t<div class='gallery-icon portrait'>\n\t\t\t\t<a data-elementor-open-lightbox=\"yes\" data-elementor-lightbox-slideshow=\"081376e\" data-elementor-lightbox-title=\"Installation radar de recul Porsche 996\" data-e-action-hash=\"#elementor-action%3Aaction%3Dlightbox%26settings%3DeyJpZCI6MTM2NywidXJsIjoiaHR0cHM6XC9cL215OTk2LmZyXC93cC1jb250ZW50XC91cGxvYWRzXC8yMDIzXC8wOVwvSU1HXzExNDktZTE2OTQwNzg3NjUzNjIucG5nIiwic2xpZGVzaG93IjoiMDgxMzc2ZSJ9\" href='https:\/\/my996.fr\/wp-content\/uploads\/2023\/09\/IMG_1149-e1694078765362.png'><img loading=\"lazy\" decoding=\"async\" width=\"297\" height=\"300\" src=\"https:\/\/my996.fr\/wp-content\/uploads\/2023\/09\/IMG_1149-e1694078765362-297x300.png\" class=\"attachment-medium size-medium\" alt=\"D\u00e9montage de la garniture arri\u00e8re.\" srcset=\"https:\/\/my996.fr\/wp-content\/uploads\/2023\/09\/IMG_1149-e1694078765362-297x300.png 297w, https:\/\/my996.fr\/wp-content\/uploads\/2023\/09\/IMG_1149-e1694078765362-1015x1024.png 1015w, https:\/\/my996.fr\/wp-content\/uploads\/2023\/09\/IMG_1149-e1694078765362-768x775.png 768w, https:\/\/my996.fr\/wp-content\/uploads\/2023\/09\/IMG_1149-e1694078765362-1522x1536.png 1522w, https:\/\/my996.fr\/wp-content\/uploads\/2023\/09\/IMG_1149-e1694078765362-2030x2048.png 2030w, https:\/\/my996.fr\/wp-content\/uploads\/2023\/09\/IMG_1149-e1694078765362-600x605.png 600w, https:\/\/my996.fr\/wp-content\/uploads\/2023\/09\/IMG_1149-e1694078765362-100x100.png 100w\" sizes=\"(max-width: 297px) 100vw, 297px\" \/><\/a>\n\t\t\t<\/div><\/figure>\n\t\t<\/div>\n\t\t<\/div>\n\t\t\t\t\t\t<\/div>\n\t\t\t\t<\/div>\n\t\t\t\t<div class=\"elementor-element elementor-element-fa88591 elementor-widget elementor-widget-text-editor\" data-id=\"fa88591\" data-element_type=\"widget\" data-e-type=\"widget\" data-widget_type=\"text-editor.default\">\n\t\t\t\t<div class=\"elementor-widget-container\">\n\t\t\t\t\t\t\t\t\t<p>Ensuite nous devons retirer le cache pr\u00e9sent sur le montant en dessous de l&rsquo;accroche de la ceinture. Alors je ne sais pas comment j&rsquo;ai r\u00e9ussi \u00e0 le retirer, mais il est venu. Une languette ainsi qu&rsquo;une agrafe sont pr\u00e9sentes mais je n&rsquo;ai pas r\u00e9ussi \u00e0 comprendre le sens d&rsquo;extraction. une vis est pr\u00e9sente sur le c\u00f4t\u00e9 arri\u00e8re du montant, il faut la retir\u00e9e.<\/p>\t\t\t\t\t\t\t\t<\/div>\n\t\t\t\t<\/div>\n\t\t\t\t<div class=\"elementor-element elementor-element-1860c6a elementor-widget elementor-widget-image-gallery\" data-id=\"1860c6a\" data-element_type=\"widget\" data-e-type=\"widget\" data-widget_type=\"image-gallery.default\">\n\t\t\t\t<div class=\"elementor-widget-container\">\n\t\t\t\t\t\t\t<div class=\"elementor-image-gallery\">\n\t\t\t<div id='gallery-52' class='gallery galleryid-851 gallery-columns-1 gallery-size-medium'><figure class='gallery-item'>\n\t\t\t<div class='gallery-icon landscape'>\n\t\t\t\t<a data-elementor-open-lightbox=\"yes\" data-elementor-lightbox-slideshow=\"1860c6a\" data-elementor-lightbox-title=\"Installation radar de recul Porsche 996\" data-e-action-hash=\"#elementor-action%3Aaction%3Dlightbox%26settings%3DeyJpZCI6MTM2OSwidXJsIjoiaHR0cHM6XC9cL215OTk2LmZyXC93cC1jb250ZW50XC91cGxvYWRzXC8yMDIzXC8wOVwvSU1HXzEyMDktZTE2OTQwNzk2ODI3MTIucG5nIiwic2xpZGVzaG93IjoiMTg2MGM2YSJ9\" href='https:\/\/my996.fr\/wp-content\/uploads\/2023\/09\/IMG_1209-e1694079682712.png'><img loading=\"lazy\" decoding=\"async\" width=\"300\" height=\"300\" src=\"https:\/\/my996.fr\/wp-content\/uploads\/2023\/09\/IMG_1209-e1694079682712-300x300.png\" class=\"attachment-medium size-medium\" alt=\"D\u00e9montage de la garniture arri\u00e8re.\" srcset=\"https:\/\/my996.fr\/wp-content\/uploads\/2023\/09\/IMG_1209-e1694079682712-300x300.png 300w, https:\/\/my996.fr\/wp-content\/uploads\/2023\/09\/IMG_1209-e1694079682712-1024x1024.png 1024w, https:\/\/my996.fr\/wp-content\/uploads\/2023\/09\/IMG_1209-e1694079682712-150x150.png 150w, https:\/\/my996.fr\/wp-content\/uploads\/2023\/09\/IMG_1209-e1694079682712-768x768.png 768w, https:\/\/my996.fr\/wp-content\/uploads\/2023\/09\/IMG_1209-e1694079682712-1536x1536.png 1536w, https:\/\/my996.fr\/wp-content\/uploads\/2023\/09\/IMG_1209-e1694079682712-2048x2048.png 2048w, https:\/\/my996.fr\/wp-content\/uploads\/2023\/09\/IMG_1209-e1694079682712-600x600.png 600w, https:\/\/my996.fr\/wp-content\/uploads\/2023\/09\/IMG_1209-e1694079682712-100x100.png 100w\" sizes=\"(max-width: 300px) 100vw, 300px\" \/><\/a>\n\t\t\t<\/div><\/figure>\n\t\t<\/div>\n\t\t<\/div>\n\t\t\t\t\t\t<\/div>\n\t\t\t\t<\/div>\n\t\t\t\t<div class=\"elementor-element elementor-element-1c7eb22 elementor-widget elementor-widget-text-editor\" data-id=\"1c7eb22\" data-element_type=\"widget\" data-e-type=\"widget\" data-widget_type=\"text-editor.default\">\n\t\t\t\t<div class=\"elementor-widget-container\">\n\t\t\t\t\t\t\t\t\t<p>Maintenant que plus rien ne maintien la garniture de porte, nous pouvons la d\u00e9clipser et la retirer. Une mousse isolante est pr\u00e9sente, je l&rsquo;ai retir\u00e9 afin d&rsquo;avoir un meilleur acc\u00e8s pour passer les fils.<\/p>\t\t\t\t\t\t\t\t<\/div>\n\t\t\t\t<\/div>\n\t\t\t\t<div class=\"elementor-element elementor-element-55dc886 elementor-widget elementor-widget-image-gallery\" data-id=\"55dc886\" data-element_type=\"widget\" data-e-type=\"widget\" data-widget_type=\"image-gallery.default\">\n\t\t\t\t<div class=\"elementor-widget-container\">\n\t\t\t\t\t\t\t<div class=\"elementor-image-gallery\">\n\t\t\t<div id='gallery-53' class='gallery galleryid-851 gallery-columns-2 gallery-size-medium'><figure class='gallery-item'>\n\t\t\t<div class='gallery-icon landscape'>\n\t\t\t\t<a data-elementor-open-lightbox=\"yes\" data-elementor-lightbox-slideshow=\"55dc886\" data-elementor-lightbox-title=\"Installation radar de recul Porsche 996\" data-elementor-lightbox-description=\"D\u00e9montage de la garniture arri\u00e8re.\" data-e-action-hash=\"#elementor-action%3Aaction%3Dlightbox%26settings%3DeyJpZCI6MTM3OSwidXJsIjoiaHR0cHM6XC9cL215OTk2LmZyXC93cC1jb250ZW50XC91cGxvYWRzXC8yMDIzXC8wOVwvSU1HXzEyMDItZTE2OTQxNTkyNjUxNTcucG5nIiwic2xpZGVzaG93IjoiNTVkYzg4NiJ9\" href='https:\/\/my996.fr\/wp-content\/uploads\/2023\/09\/IMG_1202-e1694159265157.png'><img loading=\"lazy\" decoding=\"async\" width=\"300\" height=\"300\" src=\"https:\/\/my996.fr\/wp-content\/uploads\/2023\/09\/IMG_1202-e1694159265157-300x300.png\" class=\"attachment-medium size-medium\" alt=\"D\u00e9montage de la garniture arri\u00e8re.\" srcset=\"https:\/\/my996.fr\/wp-content\/uploads\/2023\/09\/IMG_1202-e1694159265157-300x300.png 300w, https:\/\/my996.fr\/wp-content\/uploads\/2023\/09\/IMG_1202-e1694159265157-1024x1024.png 1024w, https:\/\/my996.fr\/wp-content\/uploads\/2023\/09\/IMG_1202-e1694159265157-150x150.png 150w, https:\/\/my996.fr\/wp-content\/uploads\/2023\/09\/IMG_1202-e1694159265157-768x768.png 768w, https:\/\/my996.fr\/wp-content\/uploads\/2023\/09\/IMG_1202-e1694159265157-1536x1536.png 1536w, https:\/\/my996.fr\/wp-content\/uploads\/2023\/09\/IMG_1202-e1694159265157-2048x2048.png 2048w, https:\/\/my996.fr\/wp-content\/uploads\/2023\/09\/IMG_1202-e1694159265157-600x600.png 600w, https:\/\/my996.fr\/wp-content\/uploads\/2023\/09\/IMG_1202-e1694159265157-100x100.png 100w\" sizes=\"(max-width: 300px) 100vw, 300px\" \/><\/a>\n\t\t\t<\/div><\/figure><figure class='gallery-item'>\n\t\t\t<div class='gallery-icon landscape'>\n\t\t\t\t<a data-elementor-open-lightbox=\"yes\" data-elementor-lightbox-slideshow=\"55dc886\" data-elementor-lightbox-title=\"Installation radar de recul Porsche 996\" data-elementor-lightbox-description=\"D\u00e9montage de la garniture arri\u00e8re.\" data-e-action-hash=\"#elementor-action%3Aaction%3Dlightbox%26settings%3DeyJpZCI6MTM3NCwidXJsIjoiaHR0cHM6XC9cL215OTk2LmZyXC93cC1jb250ZW50XC91cGxvYWRzXC8yMDIzXC8wOVwvSU1HXzExNTQtc2NhbGVkLWUxNjk0MTU5MzM4OTk2LmpwZWciLCJzbGlkZXNob3ciOiI1NWRjODg2In0%3D\" href='https:\/\/my996.fr\/wp-content\/uploads\/2023\/09\/IMG_1154-scaled-e1694159338996.jpeg'><img loading=\"lazy\" decoding=\"async\" width=\"300\" height=\"300\" src=\"https:\/\/my996.fr\/wp-content\/uploads\/2023\/09\/IMG_1154-scaled-e1694159338996-300x300.jpeg\" class=\"attachment-medium size-medium\" alt=\"D\u00e9montage de la garniture arri\u00e8re.\" srcset=\"https:\/\/my996.fr\/wp-content\/uploads\/2023\/09\/IMG_1154-scaled-e1694159338996-300x300.jpeg 300w, https:\/\/my996.fr\/wp-content\/uploads\/2023\/09\/IMG_1154-scaled-e1694159338996-1024x1024.jpeg 1024w, https:\/\/my996.fr\/wp-content\/uploads\/2023\/09\/IMG_1154-scaled-e1694159338996-150x150.jpeg 150w, https:\/\/my996.fr\/wp-content\/uploads\/2023\/09\/IMG_1154-scaled-e1694159338996-768x768.jpeg 768w, https:\/\/my996.fr\/wp-content\/uploads\/2023\/09\/IMG_1154-scaled-e1694159338996-1536x1536.jpeg 1536w, https:\/\/my996.fr\/wp-content\/uploads\/2023\/09\/IMG_1154-scaled-e1694159338996-600x600.jpeg 600w, https:\/\/my996.fr\/wp-content\/uploads\/2023\/09\/IMG_1154-scaled-e1694159338996-100x100.jpeg 100w, https:\/\/my996.fr\/wp-content\/uploads\/2023\/09\/IMG_1154-scaled-e1694159338996.jpeg 1920w\" sizes=\"(max-width: 300px) 100vw, 300px\" \/><\/a>\n\t\t\t<\/div><\/figure>\n\t\t<\/div>\n\t\t<\/div>\n\t\t\t\t\t\t<\/div>\n\t\t\t\t<\/div>\n\t\t\t\t<div class=\"elementor-element elementor-element-46d9937 elementor-widget elementor-widget-text-editor\" data-id=\"46d9937\" data-element_type=\"widget\" data-e-type=\"widget\" data-widget_type=\"text-editor.default\">\n\t\t\t\t<div class=\"elementor-widget-container\">\n\t\t\t\t\t\t\t\t\t<p><span style=\"text-align: justify;\">Pour une installation invisible, j&rsquo;ai d\u00e9cid\u00e9 d&rsquo;installer le module sous la plaque de protection du calculateur. Il faut d\u00e9visser les 3 vis fixant la plaque au ch\u00e2ssis.<\/span><\/p>\t\t\t\t\t\t\t\t<\/div>\n\t\t\t\t<\/div>\n\t\t\t\t<div class=\"elementor-element elementor-element-9f604f9 elementor-widget elementor-widget-image-gallery\" data-id=\"9f604f9\" data-element_type=\"widget\" data-e-type=\"widget\" data-widget_type=\"image-gallery.default\">\n\t\t\t\t<div class=\"elementor-widget-container\">\n\t\t\t\t\t\t\t<div class=\"elementor-image-gallery\">\n\t\t\t<div id='gallery-54' class='gallery galleryid-851 gallery-columns-1 gallery-size-medium'><figure class='gallery-item'>\n\t\t\t<div class='gallery-icon landscape'>\n\t\t\t\t<a data-elementor-open-lightbox=\"yes\" data-elementor-lightbox-slideshow=\"9f604f9\" data-elementor-lightbox-title=\"Installation radar de recul Porsche 996\" data-elementor-lightbox-description=\"D\u00e9montage de la plaque de protection du calculateur.\" data-e-action-hash=\"#elementor-action%3Aaction%3Dlightbox%26settings%3DeyJpZCI6MTM4MCwidXJsIjoiaHR0cHM6XC9cL215OTk2LmZyXC93cC1jb250ZW50XC91cGxvYWRzXC8yMDIzXC8wOVwvSU1HXzExNTEtZTE2OTQxNjAyMzAzMjgucG5nIiwic2xpZGVzaG93IjoiOWY2MDRmOSJ9\" href='https:\/\/my996.fr\/wp-content\/uploads\/2023\/09\/IMG_1151-e1694160230328.png'><img loading=\"lazy\" decoding=\"async\" width=\"300\" height=\"300\" src=\"https:\/\/my996.fr\/wp-content\/uploads\/2023\/09\/IMG_1151-e1694160230328-300x300.png\" class=\"attachment-medium size-medium\" alt=\"D\u00e9montage de la plaque de protection du calculateur.\" srcset=\"https:\/\/my996.fr\/wp-content\/uploads\/2023\/09\/IMG_1151-e1694160230328-300x300.png 300w, https:\/\/my996.fr\/wp-content\/uploads\/2023\/09\/IMG_1151-e1694160230328-1024x1024.png 1024w, https:\/\/my996.fr\/wp-content\/uploads\/2023\/09\/IMG_1151-e1694160230328-150x150.png 150w, https:\/\/my996.fr\/wp-content\/uploads\/2023\/09\/IMG_1151-e1694160230328-768x768.png 768w, https:\/\/my996.fr\/wp-content\/uploads\/2023\/09\/IMG_1151-e1694160230328-1536x1536.png 1536w, https:\/\/my996.fr\/wp-content\/uploads\/2023\/09\/IMG_1151-e1694160230328-2048x2048.png 2048w, https:\/\/my996.fr\/wp-content\/uploads\/2023\/09\/IMG_1151-e1694160230328-600x600.png 600w, https:\/\/my996.fr\/wp-content\/uploads\/2023\/09\/IMG_1151-e1694160230328-100x100.png 100w\" sizes=\"(max-width: 300px) 100vw, 300px\" \/><\/a>\n\t\t\t<\/div><\/figure>\n\t\t<\/div>\n\t\t<\/div>\n\t\t\t\t\t\t<\/div>\n\t\t\t\t<\/div>\n\t\t\t\t<div class=\"elementor-element elementor-element-793932f elementor-widget elementor-widget-text-editor\" data-id=\"793932f\" data-element_type=\"widget\" data-e-type=\"widget\" data-widget_type=\"text-editor.default\">\n\t\t\t\t<div class=\"elementor-widget-container\">\n\t\t\t\t\t\t\t\t\t<p>Pour une installation invisible, j&rsquo;ai d\u00e9cid\u00e9 d&rsquo;installer le module sous la plaque de protection du calculateur. Il faut d\u00e9visser les 3 vis fixant la plaque au ch\u00e2ssis.<\/p>\t\t\t\t\t\t\t\t<\/div>\n\t\t\t\t<\/div>\n\t\t\t\t<div class=\"elementor-element elementor-element-4b41768 elementor-widget elementor-widget-heading\" data-id=\"4b41768\" data-element_type=\"widget\" data-e-type=\"widget\" data-widget_type=\"heading.default\">\n\t\t\t\t<div class=\"elementor-widget-container\">\n\t\t\t\t\t<h3 class=\"elementor-heading-title elementor-size-default\">3 - Installation de l'\u00e9lectronique<\/h3>\t\t\t\t<\/div>\n\t\t\t\t<\/div>\n\t\t\t\t<div class=\"elementor-element elementor-element-9874b5a elementor-widget elementor-widget-text-editor\" data-id=\"9874b5a\" data-element_type=\"widget\" data-e-type=\"widget\" data-widget_type=\"text-editor.default\">\n\t\t\t\t<div class=\"elementor-widget-container\">\n\t\t\t\t\t\t\t\t\tMaintenant que nous avons acc\u00e8s \u00e0 l&rsquo;arri\u00e8re du v\u00e9hicule nous pouvons proc\u00e9der \u00e0 la suite du c\u00e2blage et \u00e0 l&rsquo;installation du module des radars ainsi que du haut parleur. Nous allons poursuivre le passage des c\u00e2bles des 4 radars A,B,C,D, de la baie moteur vers l&rsquo;habitacle.\t\t\t\t\t\t\t\t<\/div>\n\t\t\t\t<\/div>\n\t\t\t\t<div class=\"elementor-element elementor-element-d890ab0 elementor-widget elementor-widget-image-gallery\" data-id=\"d890ab0\" data-element_type=\"widget\" data-e-type=\"widget\" data-widget_type=\"image-gallery.default\">\n\t\t\t\t<div class=\"elementor-widget-container\">\n\t\t\t\t\t\t\t<div class=\"elementor-image-gallery\">\n\t\t\t<div id='gallery-55' class='gallery galleryid-851 gallery-columns-2 gallery-size-medium'><figure class='gallery-item'>\n\t\t\t<div class='gallery-icon portrait'>\n\t\t\t\t<a data-elementor-open-lightbox=\"yes\" data-elementor-lightbox-slideshow=\"d890ab0\" data-elementor-lightbox-title=\"Installation radar de recul Porsche 996\" data-elementor-lightbox-description=\"D\u00e9tacher la cosse des fils pour faciliter le passage dans le cache.\" data-e-action-hash=\"#elementor-action%3Aaction%3Dlightbox%26settings%3DeyJpZCI6MTM4MSwidXJsIjoiaHR0cHM6XC9cL215OTk2LmZyXC93cC1jb250ZW50XC91cGxvYWRzXC8yMDIzXC8wOVwvSU1HXzExNjQtc2NhbGVkLWUxNjk0MTYxNDAwMTk0LmpwZWciLCJzbGlkZXNob3ciOiJkODkwYWIwIn0%3D\" href='https:\/\/my996.fr\/wp-content\/uploads\/2023\/09\/IMG_1164-scaled-e1694161400194.jpeg'><img loading=\"lazy\" decoding=\"async\" width=\"300\" height=\"300\" src=\"https:\/\/my996.fr\/wp-content\/uploads\/2023\/09\/IMG_1164-scaled-e1694161400194-300x300.jpeg\" class=\"attachment-medium size-medium\" alt=\"Installation radar de recul Porsche 996\" aria-describedby=\"gallery-55-1381\" srcset=\"https:\/\/my996.fr\/wp-content\/uploads\/2023\/09\/IMG_1164-scaled-e1694161400194-300x300.jpeg 300w, https:\/\/my996.fr\/wp-content\/uploads\/2023\/09\/IMG_1164-scaled-e1694161400194-1020x1024.jpeg 1020w, https:\/\/my996.fr\/wp-content\/uploads\/2023\/09\/IMG_1164-scaled-e1694161400194-150x150.jpeg 150w, https:\/\/my996.fr\/wp-content\/uploads\/2023\/09\/IMG_1164-scaled-e1694161400194-768x771.jpeg 768w, https:\/\/my996.fr\/wp-content\/uploads\/2023\/09\/IMG_1164-scaled-e1694161400194-1530x1536.jpeg 1530w, https:\/\/my996.fr\/wp-content\/uploads\/2023\/09\/IMG_1164-scaled-e1694161400194-100x100.jpeg 100w, https:\/\/my996.fr\/wp-content\/uploads\/2023\/09\/IMG_1164-scaled-e1694161400194.jpeg 1920w\" sizes=\"(max-width: 300px) 100vw, 300px\" \/><\/a>\n\t\t\t<\/div>\n\t\t\t\t<figcaption class='wp-caption-text gallery-caption' id='gallery-55-1381'>\n\t\t\t\tD\u00e9tacher la cosse des fils pour faciliter le passage dans le cache.\n\t\t\t\t<\/figcaption><\/figure><figure class='gallery-item'>\n\t\t\t<div class='gallery-icon landscape'>\n\t\t\t\t<a data-elementor-open-lightbox=\"yes\" data-elementor-lightbox-slideshow=\"d890ab0\" data-elementor-lightbox-title=\"Installation radar de recul Porsche 996\" data-elementor-lightbox-description=\"D\u00e9tacher la cosse des fils pour faciliter le passage dans le cache.\" data-e-action-hash=\"#elementor-action%3Aaction%3Dlightbox%26settings%3DeyJpZCI6MTM1MSwidXJsIjoiaHR0cHM6XC9cL215OTk2LmZyXC93cC1jb250ZW50XC91cGxvYWRzXC8yMDIzXC8wN1wvSU1HXzExNjEtZTE2OTMzMDk1ODIxOTYuanBlZyIsInNsaWRlc2hvdyI6ImQ4OTBhYjAifQ%3D%3D\" href='https:\/\/my996.fr\/wp-content\/uploads\/2023\/07\/IMG_1161-e1693309582196.jpeg'><img loading=\"lazy\" decoding=\"async\" width=\"300\" height=\"300\" src=\"https:\/\/my996.fr\/wp-content\/uploads\/2023\/07\/IMG_1161-e1693309582196-300x300.jpeg\" class=\"attachment-medium size-medium\" alt=\"Installation radar de recul Porsche 996\" aria-describedby=\"gallery-55-1351\" srcset=\"https:\/\/my996.fr\/wp-content\/uploads\/2023\/07\/IMG_1161-e1693309582196-300x300.jpeg 300w, https:\/\/my996.fr\/wp-content\/uploads\/2023\/07\/IMG_1161-e1693309582196-1024x1024.jpeg 1024w, https:\/\/my996.fr\/wp-content\/uploads\/2023\/07\/IMG_1161-e1693309582196-150x150.jpeg 150w, https:\/\/my996.fr\/wp-content\/uploads\/2023\/07\/IMG_1161-e1693309582196-768x768.jpeg 768w, https:\/\/my996.fr\/wp-content\/uploads\/2023\/07\/IMG_1161-e1693309582196-600x600.jpeg 600w, https:\/\/my996.fr\/wp-content\/uploads\/2023\/07\/IMG_1161-e1693309582196-100x100.jpeg 100w, https:\/\/my996.fr\/wp-content\/uploads\/2023\/07\/IMG_1161-e1693309582196.jpeg 1536w\" sizes=\"(max-width: 300px) 100vw, 300px\" \/><\/a>\n\t\t\t<\/div>\n\t\t\t\t<figcaption class='wp-caption-text gallery-caption' id='gallery-55-1351'>\n\t\t\t\tUtiliser un c\u00e2ble \u00e9lectrique pour tirer les fils des radars.\n\t\t\t\t<\/figcaption><\/figure>\n\t\t<\/div>\n\t\t<\/div>\n\t\t\t\t\t\t<\/div>\n\t\t\t\t<\/div>\n\t\t\t\t<div class=\"elementor-element elementor-element-fe0c6cd elementor-widget elementor-widget-text-editor\" data-id=\"fe0c6cd\" data-element_type=\"widget\" data-e-type=\"widget\" data-widget_type=\"text-editor.default\">\n\t\t\t\t<div class=\"elementor-widget-container\">\n\t\t\t\t\t\t\t\t\t<p>Afin de facilit\u00e9 le passage j&rsquo;ai s\u00e9par\u00e9 les cosses des fils, j&rsquo;ai scotch\u00e9 les fils au c\u00e2ble \u00e9lectrique, permettant ainsi de passer le c\u00e2ble vers l&rsquo;int\u00e9rieur du v\u00e9hicule et de le r\u00e9cup\u00e9rer de l&rsquo;autre c\u00f4t\u00e9.<\/p>\t\t\t\t\t\t\t\t<\/div>\n\t\t\t\t<\/div>\n\t\t\t\t<div class=\"elementor-element elementor-element-46edb9b elementor-widget elementor-widget-image-gallery\" data-id=\"46edb9b\" data-element_type=\"widget\" data-e-type=\"widget\" data-widget_type=\"image-gallery.default\">\n\t\t\t\t<div class=\"elementor-widget-container\">\n\t\t\t\t\t\t\t<div class=\"elementor-image-gallery\">\n\t\t\t<div id='gallery-56' class='gallery galleryid-851 gallery-columns-1 gallery-size-medium'><figure class='gallery-item'>\n\t\t\t<div class='gallery-icon landscape'>\n\t\t\t\t<a data-elementor-open-lightbox=\"yes\" data-elementor-lightbox-slideshow=\"46edb9b\" data-elementor-lightbox-title=\"Installation radar de recul Porsche 996\" data-e-action-hash=\"#elementor-action%3Aaction%3Dlightbox%26settings%3DeyJpZCI6MTM5MCwidXJsIjoiaHR0cHM6XC9cL215OTk2LmZyXC93cC1jb250ZW50XC91cGxvYWRzXC8yMDIzXC8wOVwvSU1HXzExNjMtZTE2OTQxNjI0NjY5NjEucG5nIiwic2xpZGVzaG93IjoiNDZlZGI5YiJ9\" href='https:\/\/my996.fr\/wp-content\/uploads\/2023\/09\/IMG_1163-e1694162466961.png'><img loading=\"lazy\" decoding=\"async\" width=\"300\" height=\"300\" src=\"https:\/\/my996.fr\/wp-content\/uploads\/2023\/09\/IMG_1163-e1694162466961-300x300.png\" class=\"attachment-medium size-medium\" alt=\"Installation radar de recul Porsche 996\" aria-describedby=\"gallery-56-1390\" srcset=\"https:\/\/my996.fr\/wp-content\/uploads\/2023\/09\/IMG_1163-e1694162466961-300x300.png 300w, https:\/\/my996.fr\/wp-content\/uploads\/2023\/09\/IMG_1163-e1694162466961-1024x1024.png 1024w, https:\/\/my996.fr\/wp-content\/uploads\/2023\/09\/IMG_1163-e1694162466961-150x150.png 150w, https:\/\/my996.fr\/wp-content\/uploads\/2023\/09\/IMG_1163-e1694162466961-768x768.png 768w, https:\/\/my996.fr\/wp-content\/uploads\/2023\/09\/IMG_1163-e1694162466961-1536x1536.png 1536w, https:\/\/my996.fr\/wp-content\/uploads\/2023\/09\/IMG_1163-e1694162466961-2048x2048.png 2048w, https:\/\/my996.fr\/wp-content\/uploads\/2023\/09\/IMG_1163-e1694162466961-600x600.png 600w, https:\/\/my996.fr\/wp-content\/uploads\/2023\/09\/IMG_1163-e1694162466961-100x100.png 100w\" sizes=\"(max-width: 300px) 100vw, 300px\" \/><\/a>\n\t\t\t<\/div>\n\t\t\t\t<figcaption class='wp-caption-text gallery-caption' id='gallery-56-1390'>\n\t\t\t\tLieu de sortie des c\u00e2bles dans l&rsquo;habitacle.\n\t\t\t\t<\/figcaption><\/figure>\n\t\t<\/div>\n\t\t<\/div>\n\t\t\t\t\t\t<\/div>\n\t\t\t\t<\/div>\n\t\t\t\t<div class=\"elementor-element elementor-element-3be04c1 elementor-widget elementor-widget-text-editor\" data-id=\"3be04c1\" data-element_type=\"widget\" data-e-type=\"widget\" data-widget_type=\"text-editor.default\">\n\t\t\t\t<div class=\"elementor-widget-container\">\n\t\t\t\t\t\t\t\t\t<p>Une fois les c\u00e2bles \u00e0 l&rsquo;int\u00e9rieur de l&rsquo;habitacle, il faut passer le faisceau derri\u00e8re le support de la ceinture et juste dessous la moquette. Passer ensuite devant la moquette et le brancher sur le module qui est coller sur le plaque de protection.<\/p>\t\t\t\t\t\t\t\t<\/div>\n\t\t\t\t<\/div>\n\t\t\t\t<div class=\"elementor-element elementor-element-e84affd elementor-widget elementor-widget-image-gallery\" data-id=\"e84affd\" data-element_type=\"widget\" data-e-type=\"widget\" data-widget_type=\"image-gallery.default\">\n\t\t\t\t<div class=\"elementor-widget-container\">\n\t\t\t\t\t\t\t<div class=\"elementor-image-gallery\">\n\t\t\t<div id='gallery-57' class='gallery galleryid-851 gallery-columns-2 gallery-size-medium'><figure class='gallery-item'>\n\t\t\t<div class='gallery-icon landscape'>\n\t\t\t\t<a data-elementor-open-lightbox=\"yes\" data-elementor-lightbox-slideshow=\"e84affd\" data-elementor-lightbox-title=\"Installation radar de recul Porsche 996\" data-e-action-hash=\"#elementor-action%3Aaction%3Dlightbox%26settings%3DeyJpZCI6MTM5OCwidXJsIjoiaHR0cHM6XC9cL215OTk2LmZyXC93cC1jb250ZW50XC91cGxvYWRzXC8yMDIzXC8wOVwvSU1HXzExNjctZTE2OTQxNjM4ODk2MDkucG5nIiwic2xpZGVzaG93IjoiZTg0YWZmZCJ9\" href='https:\/\/my996.fr\/wp-content\/uploads\/2023\/09\/IMG_1167-e1694163889609.png'><img loading=\"lazy\" decoding=\"async\" width=\"300\" height=\"300\" src=\"https:\/\/my996.fr\/wp-content\/uploads\/2023\/09\/IMG_1167-e1694163889609-300x300.png\" class=\"attachment-medium size-medium\" alt=\"Installation radar de recul Porsche 996\" srcset=\"https:\/\/my996.fr\/wp-content\/uploads\/2023\/09\/IMG_1167-e1694163889609-300x300.png 300w, https:\/\/my996.fr\/wp-content\/uploads\/2023\/09\/IMG_1167-e1694163889609-1024x1024.png 1024w, https:\/\/my996.fr\/wp-content\/uploads\/2023\/09\/IMG_1167-e1694163889609-150x150.png 150w, https:\/\/my996.fr\/wp-content\/uploads\/2023\/09\/IMG_1167-e1694163889609-768x768.png 768w, https:\/\/my996.fr\/wp-content\/uploads\/2023\/09\/IMG_1167-e1694163889609-1536x1536.png 1536w, https:\/\/my996.fr\/wp-content\/uploads\/2023\/09\/IMG_1167-e1694163889609-2048x2048.png 2048w, https:\/\/my996.fr\/wp-content\/uploads\/2023\/09\/IMG_1167-e1694163889609-600x600.png 600w, https:\/\/my996.fr\/wp-content\/uploads\/2023\/09\/IMG_1167-e1694163889609-100x100.png 100w\" sizes=\"(max-width: 300px) 100vw, 300px\" \/><\/a>\n\t\t\t<\/div><\/figure><figure class='gallery-item'>\n\t\t\t<div class='gallery-icon portrait'>\n\t\t\t\t<a data-elementor-open-lightbox=\"yes\" data-elementor-lightbox-slideshow=\"e84affd\" data-elementor-lightbox-title=\"Installation radar de recul Porsche 996\" data-e-action-hash=\"#elementor-action%3Aaction%3Dlightbox%26settings%3DeyJpZCI6MTM5OSwidXJsIjoiaHR0cHM6XC9cL215OTk2LmZyXC93cC1jb250ZW50XC91cGxvYWRzXC8yMDIzXC8wOVwvSU1HXzExNjgtZTE2OTQxNjM5NTA4OTQucG5nIiwic2xpZGVzaG93IjoiZTg0YWZmZCJ9\" data-elementor-lightbox-description=\"Passage des c\u00e2bles.\" href='https:\/\/my996.fr\/wp-content\/uploads\/2023\/09\/IMG_1168-e1694163950894.png'><img loading=\"lazy\" decoding=\"async\" width=\"300\" height=\"300\" src=\"https:\/\/my996.fr\/wp-content\/uploads\/2023\/09\/IMG_1168-e1694163950894-300x300.png\" class=\"attachment-medium size-medium\" alt=\"Installation radar de recul Porsche 996\" srcset=\"https:\/\/my996.fr\/wp-content\/uploads\/2023\/09\/IMG_1168-e1694163950894-300x300.png 300w, https:\/\/my996.fr\/wp-content\/uploads\/2023\/09\/IMG_1168-e1694163950894-1020x1024.png 1020w, https:\/\/my996.fr\/wp-content\/uploads\/2023\/09\/IMG_1168-e1694163950894-150x150.png 150w, https:\/\/my996.fr\/wp-content\/uploads\/2023\/09\/IMG_1168-e1694163950894-768x771.png 768w, https:\/\/my996.fr\/wp-content\/uploads\/2023\/09\/IMG_1168-e1694163950894-1529x1536.png 1529w, https:\/\/my996.fr\/wp-content\/uploads\/2023\/09\/IMG_1168-e1694163950894-2039x2048.png 2039w, https:\/\/my996.fr\/wp-content\/uploads\/2023\/09\/IMG_1168-e1694163950894-100x100.png 100w\" sizes=\"(max-width: 300px) 100vw, 300px\" \/><\/a>\n\t\t\t<\/div><\/figure><figure class='gallery-item'>\n\t\t\t<div class='gallery-icon landscape'>\n\t\t\t\t<a data-elementor-open-lightbox=\"yes\" data-elementor-lightbox-slideshow=\"e84affd\" data-elementor-lightbox-title=\"Installation radar de recul Porsche 996\" data-e-action-hash=\"#elementor-action%3Aaction%3Dlightbox%26settings%3DeyJpZCI6MTQwMCwidXJsIjoiaHR0cHM6XC9cL215OTk2LmZyXC93cC1jb250ZW50XC91cGxvYWRzXC8yMDIzXC8wOVwvSU1HXzExNjktZTE2OTQxNjQwMDUzMTMucG5nIiwic2xpZGVzaG93IjoiZTg0YWZmZCJ9\" data-elementor-lightbox-description=\"Passage des c\u00e2bles.\" href='https:\/\/my996.fr\/wp-content\/uploads\/2023\/09\/IMG_1169-e1694164005313.png'><img loading=\"lazy\" decoding=\"async\" width=\"300\" height=\"300\" src=\"https:\/\/my996.fr\/wp-content\/uploads\/2023\/09\/IMG_1169-e1694164005313-300x300.png\" class=\"attachment-medium size-medium\" alt=\"Installation radar de recul Porsche 996\" srcset=\"https:\/\/my996.fr\/wp-content\/uploads\/2023\/09\/IMG_1169-e1694164005313-300x300.png 300w, https:\/\/my996.fr\/wp-content\/uploads\/2023\/09\/IMG_1169-e1694164005313-1024x1024.png 1024w, https:\/\/my996.fr\/wp-content\/uploads\/2023\/09\/IMG_1169-e1694164005313-150x150.png 150w, https:\/\/my996.fr\/wp-content\/uploads\/2023\/09\/IMG_1169-e1694164005313-768x768.png 768w, https:\/\/my996.fr\/wp-content\/uploads\/2023\/09\/IMG_1169-e1694164005313-1536x1536.png 1536w, https:\/\/my996.fr\/wp-content\/uploads\/2023\/09\/IMG_1169-e1694164005313-2048x2048.png 2048w, https:\/\/my996.fr\/wp-content\/uploads\/2023\/09\/IMG_1169-e1694164005313-600x600.png 600w, https:\/\/my996.fr\/wp-content\/uploads\/2023\/09\/IMG_1169-e1694164005313-100x100.png 100w\" sizes=\"(max-width: 300px) 100vw, 300px\" \/><\/a>\n\t\t\t<\/div><\/figure><figure class='gallery-item'>\n\t\t\t<div class='gallery-icon landscape'>\n\t\t\t\t<a data-elementor-open-lightbox=\"yes\" data-elementor-lightbox-slideshow=\"e84affd\" data-elementor-lightbox-title=\"Installation radar de recul Porsche 996\" data-e-action-hash=\"#elementor-action%3Aaction%3Dlightbox%26settings%3DeyJpZCI6MTQwMSwidXJsIjoiaHR0cHM6XC9cL215OTk2LmZyXC93cC1jb250ZW50XC91cGxvYWRzXC8yMDIzXC8wOVwvSU1HXzExNzctZTE2OTQxNjQwNjQxODkucG5nIiwic2xpZGVzaG93IjoiZTg0YWZmZCJ9\" data-elementor-lightbox-description=\"Installation du module et du haut parleur. En haut le module et en bas le haut parleur. La fl\u00e8che droite indique le faisceau des radars A,B,C,D.\" href='https:\/\/my996.fr\/wp-content\/uploads\/2023\/09\/IMG_1177-e1694164064189.png'><img loading=\"lazy\" decoding=\"async\" width=\"300\" height=\"300\" src=\"https:\/\/my996.fr\/wp-content\/uploads\/2023\/09\/IMG_1177-e1694164064189-300x300.png\" class=\"attachment-medium size-medium\" alt=\"Installation radar de recul Porsche 996\" srcset=\"https:\/\/my996.fr\/wp-content\/uploads\/2023\/09\/IMG_1177-e1694164064189-300x300.png 300w, https:\/\/my996.fr\/wp-content\/uploads\/2023\/09\/IMG_1177-e1694164064189-1024x1024.png 1024w, https:\/\/my996.fr\/wp-content\/uploads\/2023\/09\/IMG_1177-e1694164064189-150x150.png 150w, https:\/\/my996.fr\/wp-content\/uploads\/2023\/09\/IMG_1177-e1694164064189-768x768.png 768w, https:\/\/my996.fr\/wp-content\/uploads\/2023\/09\/IMG_1177-e1694164064189-1536x1536.png 1536w, https:\/\/my996.fr\/wp-content\/uploads\/2023\/09\/IMG_1177-e1694164064189-2048x2048.png 2048w, https:\/\/my996.fr\/wp-content\/uploads\/2023\/09\/IMG_1177-e1694164064189-600x600.png 600w, https:\/\/my996.fr\/wp-content\/uploads\/2023\/09\/IMG_1177-e1694164064189-100x100.png 100w\" sizes=\"(max-width: 300px) 100vw, 300px\" \/><\/a>\n\t\t\t<\/div><\/figure>\n\t\t<\/div>\n\t\t<\/div>\n\t\t\t\t\t\t<\/div>\n\t\t\t\t<\/div>\n\t\t\t\t<div class=\"elementor-element elementor-element-12309c8 elementor-widget elementor-widget-text-editor\" data-id=\"12309c8\" data-element_type=\"widget\" data-e-type=\"widget\" data-widget_type=\"text-editor.default\">\n\t\t\t\t<div class=\"elementor-widget-container\">\n\t\t\t\t\t\t\t\t\t<p>Installation du module et du haut parleur. En haut le module et en bas le haut parleur. Les fl\u00e8ches rouge et verte indique le faisceau des radars A,B,C,D. Il faut ensuite brancher le faisceau des radars au module, l&rsquo;ordre de branchement est important et nous allons devoir l&rsquo;inverser.<\/p>\t\t\t\t\t\t\t\t<\/div>\n\t\t\t\t<\/div>\n\t\t\t\t<div class=\"elementor-element elementor-element-00e98df elementor-widget elementor-widget-heading\" data-id=\"00e98df\" data-element_type=\"widget\" data-e-type=\"widget\" data-widget_type=\"heading.default\">\n\t\t\t\t<div class=\"elementor-widget-container\">\n\t\t\t\t\t<h6 class=\"elementor-heading-title elementor-size-default\">Sch\u00e9ma de montage standard<\/h6>\t\t\t\t<\/div>\n\t\t\t\t<\/div>\n\t\t\t\t<div class=\"elementor-element elementor-element-2c15259 elementor-widget elementor-widget-image-gallery\" data-id=\"2c15259\" data-element_type=\"widget\" data-e-type=\"widget\" data-widget_type=\"image-gallery.default\">\n\t\t\t\t<div class=\"elementor-widget-container\">\n\t\t\t\t\t\t\t<div class=\"elementor-image-gallery\">\n\t\t\t<div id='gallery-58' class='gallery galleryid-851 gallery-columns-1 gallery-size-medium_large'><figure class='gallery-item'>\n\t\t\t<div class='gallery-icon landscape'>\n\t\t\t\t<a data-elementor-open-lightbox=\"yes\" data-elementor-lightbox-slideshow=\"2c15259\" data-elementor-lightbox-title=\"Capture d\u2019\u00e9cran 2023-09-08 \u00e0 11.31.17\" data-e-action-hash=\"#elementor-action%3Aaction%3Dlightbox%26settings%3DeyJpZCI6MTQxMSwidXJsIjoiaHR0cHM6XC9cL215OTk2LmZyXC93cC1jb250ZW50XC91cGxvYWRzXC8yMDIzXC8wOVwvQ2FwdHVyZS1kZWNyYW4tMjAyMy0wOS0wOC1hLTExLjMxLjE3LnBuZyIsInNsaWRlc2hvdyI6IjJjMTUyNTkifQ%3D%3D\" href='https:\/\/my996.fr\/wp-content\/uploads\/2023\/09\/Capture-decran-2023-09-08-a-11.31.17.png'><img loading=\"lazy\" decoding=\"async\" width=\"768\" height=\"417\" src=\"https:\/\/my996.fr\/wp-content\/uploads\/2023\/09\/Capture-decran-2023-09-08-a-11.31.17-768x417.png\" class=\"attachment-medium_large size-medium_large\" alt=\"\" srcset=\"https:\/\/my996.fr\/wp-content\/uploads\/2023\/09\/Capture-decran-2023-09-08-a-11.31.17-768x417.png 768w, https:\/\/my996.fr\/wp-content\/uploads\/2023\/09\/Capture-decran-2023-09-08-a-11.31.17-300x163.png 300w, https:\/\/my996.fr\/wp-content\/uploads\/2023\/09\/Capture-decran-2023-09-08-a-11.31.17-1024x557.png 1024w, https:\/\/my996.fr\/wp-content\/uploads\/2023\/09\/Capture-decran-2023-09-08-a-11.31.17-600x326.png 600w, https:\/\/my996.fr\/wp-content\/uploads\/2023\/09\/Capture-decran-2023-09-08-a-11.31.17.png 1424w\" sizes=\"(max-width: 768px) 100vw, 768px\" \/><\/a>\n\t\t\t<\/div><\/figure>\n\t\t<\/div>\n\t\t<\/div>\n\t\t\t\t\t\t<\/div>\n\t\t\t\t<\/div>\n\t\t\t\t<div class=\"elementor-element elementor-element-5835e40 elementor-widget elementor-widget-text-editor\" data-id=\"5835e40\" data-element_type=\"widget\" data-e-type=\"widget\" data-widget_type=\"text-editor.default\">\n\t\t\t\t<div class=\"elementor-widget-container\">\n\t\t\t\t\t\t\t\t\tLors de l&rsquo;installation nous avons inverser le sens du faisceau en le passant par l&rsquo;arri\u00e8re droit, il est a l&rsquo;origine fait pour \u00eatre mont\u00e9 par le c\u00f4t\u00e9 gauche. Donc nous devons inverser le branchement et ainsi mettre :\n<ul>\n \t<li>Le c\u00e2ble A sur l&#8217;emplacement D<\/li>\n \t<li>Le c\u00e2ble B sur l&#8217;emplacement C<\/li>\n \t<li>Le c\u00e2ble C sur l&#8217;emplacement B<\/li>\n \t<li>Le c\u00e2ble D sur l&#8217;emplacement A<\/li>\n<\/ul>\n<span style=\"font-size: 16px;\">Ainsi les radars seront branch\u00e9 dans le bon ordre et les c\u00f4t\u00e9s seront bien respect\u00e9s.\t\t\t\t\t\t\t\t<\/div>\n\t\t\t\t<\/div>\n\t\t\t\t<div class=\"elementor-element elementor-element-a6d0d64 elementor-widget elementor-widget-heading\" data-id=\"a6d0d64\" data-element_type=\"widget\" data-e-type=\"widget\" data-widget_type=\"heading.default\">\n\t\t\t\t<div class=\"elementor-widget-container\">\n\t\t\t\t\t<h6 class=\"elementor-heading-title elementor-size-default\">sch\u00e9ma de Montage du faisceau \u00e0 gauche Standard<\/h6>\t\t\t\t<\/div>\n\t\t\t\t<\/div>\n\t\t\t\t<div class=\"elementor-element elementor-element-0cc3b80 elementor-widget elementor-widget-image-gallery\" data-id=\"0cc3b80\" data-element_type=\"widget\" data-e-type=\"widget\" data-widget_type=\"image-gallery.default\">\n\t\t\t\t<div class=\"elementor-widget-container\">\n\t\t\t\t\t\t\t<div class=\"elementor-image-gallery\">\n\t\t\t<div id='gallery-59' class='gallery galleryid-851 gallery-columns-1 gallery-size-large'><figure class='gallery-item'>\n\t\t\t<div class='gallery-icon landscape'>\n\t\t\t\t<a data-elementor-open-lightbox=\"yes\" data-elementor-lightbox-slideshow=\"0cc3b80\" data-elementor-lightbox-title=\"Installation radar de recul Porsche 996\" data-e-action-hash=\"#elementor-action%3Aaction%3Dlightbox%26settings%3DeyJpZCI6MTQyMCwidXJsIjoiaHR0cHM6XC9cL215OTk2LmZyXC93cC1jb250ZW50XC91cGxvYWRzXC8yMDIzXC8wOVwvQ2FwdHVyZS1kZWNyYW4tMjAyMy0wOS0wOC1hLTExLjM2LnBuZyIsInNsaWRlc2hvdyI6IjBjYzNiODAifQ%3D%3D\" href='https:\/\/my996.fr\/wp-content\/uploads\/2023\/09\/Capture-decran-2023-09-08-a-11.36.png'><img loading=\"lazy\" decoding=\"async\" width=\"1024\" height=\"382\" src=\"https:\/\/my996.fr\/wp-content\/uploads\/2023\/09\/Capture-decran-2023-09-08-a-11.36-1024x382.png\" class=\"attachment-large size-large\" alt=\"Installation radar de recul Porsche 996\" srcset=\"https:\/\/my996.fr\/wp-content\/uploads\/2023\/09\/Capture-decran-2023-09-08-a-11.36-1024x382.png 1024w, https:\/\/my996.fr\/wp-content\/uploads\/2023\/09\/Capture-decran-2023-09-08-a-11.36-300x112.png 300w, https:\/\/my996.fr\/wp-content\/uploads\/2023\/09\/Capture-decran-2023-09-08-a-11.36-768x287.png 768w, https:\/\/my996.fr\/wp-content\/uploads\/2023\/09\/Capture-decran-2023-09-08-a-11.36-1536x573.png 1536w, https:\/\/my996.fr\/wp-content\/uploads\/2023\/09\/Capture-decran-2023-09-08-a-11.36-600x224.png 600w, https:\/\/my996.fr\/wp-content\/uploads\/2023\/09\/Capture-decran-2023-09-08-a-11.36.png 1838w\" sizes=\"(max-width: 1024px) 100vw, 1024px\" \/><\/a>\n\t\t\t<\/div><\/figure>\n\t\t<\/div>\n\t\t<\/div>\n\t\t\t\t\t\t<\/div>\n\t\t\t\t<\/div>\n\t\t\t\t<div class=\"elementor-element elementor-element-7df35b4 elementor-widget elementor-widget-spacer\" data-id=\"7df35b4\" data-element_type=\"widget\" data-e-type=\"widget\" data-widget_type=\"spacer.default\">\n\t\t\t\t<div class=\"elementor-widget-container\">\n\t\t\t\t\t\t\t<div class=\"elementor-spacer\">\n\t\t\t<div class=\"elementor-spacer-inner\"><\/div>\n\t\t<\/div>\n\t\t\t\t\t\t<\/div>\n\t\t\t\t<\/div>\n\t\t\t\t<div class=\"elementor-element elementor-element-40d7701 elementor-widget elementor-widget-heading\" data-id=\"40d7701\" data-element_type=\"widget\" data-e-type=\"widget\" data-widget_type=\"heading.default\">\n\t\t\t\t<div class=\"elementor-widget-container\">\n\t\t\t\t\t<h6 class=\"elementor-heading-title elementor-size-default\">SCH\u00c9MA DE MONTAGE DU FAISCEAU \u00c0 droite COMME ICI SUR PORSCHE 996<\/h6>\t\t\t\t<\/div>\n\t\t\t\t<\/div>\n\t\t\t\t<div class=\"elementor-element elementor-element-cf2a7d9 elementor-widget elementor-widget-image-gallery\" data-id=\"cf2a7d9\" data-element_type=\"widget\" data-e-type=\"widget\" data-widget_type=\"image-gallery.default\">\n\t\t\t\t<div class=\"elementor-widget-container\">\n\t\t\t\t\t\t\t<div class=\"elementor-image-gallery\">\n\t\t\t<div id='gallery-60' class='gallery galleryid-851 gallery-columns-1 gallery-size-large'><figure class='gallery-item'>\n\t\t\t<div class='gallery-icon landscape'>\n\t\t\t\t<a data-elementor-open-lightbox=\"yes\" data-elementor-lightbox-slideshow=\"cf2a7d9\" data-elementor-lightbox-title=\"Installation radar de recul Porsche 996\" data-e-action-hash=\"#elementor-action%3Aaction%3Dlightbox%26settings%3DeyJpZCI6MTQxNCwidXJsIjoiaHR0cHM6XC9cL215OTk2LmZyXC93cC1jb250ZW50XC91cGxvYWRzXC8yMDIzXC8wOVwvU2NoZW1hLVJhZGFyLUFCQ0QucG5nIiwic2xpZGVzaG93IjoiY2YyYTdkOSJ9\" href='https:\/\/my996.fr\/wp-content\/uploads\/2023\/09\/Schema-Radar-ABCD.png'><img loading=\"lazy\" decoding=\"async\" width=\"1024\" height=\"382\" src=\"https:\/\/my996.fr\/wp-content\/uploads\/2023\/09\/Schema-Radar-ABCD-1024x382.png\" class=\"attachment-large size-large\" alt=\"Installation radar de recul Porsche 996\" srcset=\"https:\/\/my996.fr\/wp-content\/uploads\/2023\/09\/Schema-Radar-ABCD-1024x382.png 1024w, https:\/\/my996.fr\/wp-content\/uploads\/2023\/09\/Schema-Radar-ABCD-300x112.png 300w, https:\/\/my996.fr\/wp-content\/uploads\/2023\/09\/Schema-Radar-ABCD-768x287.png 768w, https:\/\/my996.fr\/wp-content\/uploads\/2023\/09\/Schema-Radar-ABCD-1536x573.png 1536w, https:\/\/my996.fr\/wp-content\/uploads\/2023\/09\/Schema-Radar-ABCD-600x224.png 600w, https:\/\/my996.fr\/wp-content\/uploads\/2023\/09\/Schema-Radar-ABCD.png 1838w\" sizes=\"(max-width: 1024px) 100vw, 1024px\" \/><\/a>\n\t\t\t<\/div><\/figure>\n\t\t<\/div>\n\t\t<\/div>\n\t\t\t\t\t\t<\/div>\n\t\t\t\t<\/div>\n\t\t\t\t<div class=\"elementor-element elementor-element-04d14ee elementor-widget elementor-widget-heading\" data-id=\"04d14ee\" data-element_type=\"widget\" data-e-type=\"widget\" data-widget_type=\"heading.default\">\n\t\t\t\t<div class=\"elementor-widget-container\">\n\t\t\t\t\t<h2 class=\"elementor-heading-title elementor-size-default\">installation des c\u00e2bles du module<\/h2>\t\t\t\t<\/div>\n\t\t\t\t<\/div>\n\t\t\t\t<div class=\"elementor-element elementor-element-6a997ae elementor-widget elementor-widget-text-editor\" data-id=\"6a997ae\" data-element_type=\"widget\" data-e-type=\"widget\" data-widget_type=\"text-editor.default\">\n\t\t\t\t<div class=\"elementor-widget-container\">\n\t\t\t\t\t\t\t\t\t<p>Brancher les connectiques comprenant, le haut parleur, la fonction mute, la masse, le + des feux de recul et l&rsquo;alimentation apr\u00e8s contact au module.<\/p>\t\t\t\t\t\t\t\t<\/div>\n\t\t\t\t<\/div>\n\t\t\t\t<div class=\"elementor-element elementor-element-588bd03 elementor-widget elementor-widget-image-gallery\" data-id=\"588bd03\" data-element_type=\"widget\" data-e-type=\"widget\" data-widget_type=\"image-gallery.default\">\n\t\t\t\t<div class=\"elementor-widget-container\">\n\t\t\t\t\t\t\t<div class=\"elementor-image-gallery\">\n\t\t\t<div id='gallery-61' class='gallery galleryid-851 gallery-columns-1 gallery-size-large'><figure class='gallery-item'>\n\t\t\t<div class='gallery-icon landscape'>\n\t\t\t\t<a data-elementor-open-lightbox=\"yes\" data-elementor-lightbox-slideshow=\"588bd03\" data-elementor-lightbox-title=\"Installation radar de recul Porsche 996\" data-e-action-hash=\"#elementor-action%3Aaction%3Dlightbox%26settings%3DeyJpZCI6MTQ1NiwidXJsIjoiaHR0cHM6XC9cL215OTk2LmZyXC93cC1jb250ZW50XC91cGxvYWRzXC8yMDIzXC8wOVwvUkVWLTgucG5nIiwic2xpZGVzaG93IjoiNTg4YmQwMyJ9\" href='https:\/\/my996.fr\/wp-content\/uploads\/2023\/09\/REV-8.png'><img loading=\"lazy\" decoding=\"async\" width=\"1024\" height=\"470\" src=\"https:\/\/my996.fr\/wp-content\/uploads\/2023\/09\/REV-8-1024x470.png\" class=\"attachment-large size-large\" alt=\"Installation radar de recul Porsche 996\" srcset=\"https:\/\/my996.fr\/wp-content\/uploads\/2023\/09\/REV-8-1024x470.png 1024w, https:\/\/my996.fr\/wp-content\/uploads\/2023\/09\/REV-8-300x138.png 300w, https:\/\/my996.fr\/wp-content\/uploads\/2023\/09\/REV-8-768x353.png 768w, https:\/\/my996.fr\/wp-content\/uploads\/2023\/09\/REV-8-600x275.png 600w, https:\/\/my996.fr\/wp-content\/uploads\/2023\/09\/REV-8.png 1394w\" sizes=\"(max-width: 1024px) 100vw, 1024px\" \/><\/a>\n\t\t\t<\/div><\/figure>\n\t\t<\/div>\n\t\t<\/div>\n\t\t\t\t\t\t<\/div>\n\t\t\t\t<\/div>\n\t\t\t\t<div class=\"elementor-element elementor-element-9d55b2d elementor-widget elementor-widget-heading\" data-id=\"9d55b2d\" data-element_type=\"widget\" data-e-type=\"widget\" data-widget_type=\"heading.default\">\n\t\t\t\t<div class=\"elementor-widget-container\">\n\t\t\t\t\t<h3 class=\"elementor-heading-title elementor-size-default\">1 - Installation du c\u00e2ble de masse GND<\/h3>\t\t\t\t<\/div>\n\t\t\t\t<\/div>\n\t\t\t\t<div class=\"elementor-element elementor-element-92fd5a0 elementor-widget elementor-widget-text-editor\" data-id=\"92fd5a0\" data-element_type=\"widget\" data-e-type=\"widget\" data-widget_type=\"text-editor.default\">\n\t\t\t\t<div class=\"elementor-widget-container\">\n\t\t\t\t\t\t\t\t\t<p>Relier la cosse de la masse \u00e0 une vis de masse sur le v\u00e9hicule, une est pr\u00e9sente derri\u00e8re la moquette au dessus de la t\u00eate d&rsquo;amortisseur arri\u00e8re droite.<\/p>\t\t\t\t\t\t\t\t<\/div>\n\t\t\t\t<\/div>\n\t\t\t\t<div class=\"elementor-element elementor-element-ec51cac elementor-widget elementor-widget-image-gallery\" data-id=\"ec51cac\" data-element_type=\"widget\" data-e-type=\"widget\" data-widget_type=\"image-gallery.default\">\n\t\t\t\t<div class=\"elementor-widget-container\">\n\t\t\t\t\t\t\t<div class=\"elementor-image-gallery\">\n\t\t\t<div id='gallery-62' class='gallery galleryid-851 gallery-columns-1 gallery-size-medium'><figure class='gallery-item'>\n\t\t\t<div class='gallery-icon landscape'>\n\t\t\t\t<a data-elementor-open-lightbox=\"yes\" data-elementor-lightbox-slideshow=\"ec51cac\" data-elementor-lightbox-title=\"Installation radar de recul Porsche 996\" data-elementor-lightbox-description=\"Branchement de la cosse de masse.\" data-e-action-hash=\"#elementor-action%3Aaction%3Dlightbox%26settings%3DeyJpZCI6MTQ0NCwidXJsIjoiaHR0cHM6XC9cL215OTk2LmZyXC93cC1jb250ZW50XC91cGxvYWRzXC8yMDIzXC8wOVwvSU1HXzExNzUtZTE2OTQxNjg2MjI0NzgucG5nIiwic2xpZGVzaG93IjoiZWM1MWNhYyJ9\" href='https:\/\/my996.fr\/wp-content\/uploads\/2023\/09\/IMG_1175-e1694168622478.png'><img loading=\"lazy\" decoding=\"async\" width=\"300\" height=\"300\" src=\"https:\/\/my996.fr\/wp-content\/uploads\/2023\/09\/IMG_1175-e1694168622478-300x300.png\" class=\"attachment-medium size-medium\" alt=\"Installation radar de recul Porsche 996\" srcset=\"https:\/\/my996.fr\/wp-content\/uploads\/2023\/09\/IMG_1175-e1694168622478-300x300.png 300w, https:\/\/my996.fr\/wp-content\/uploads\/2023\/09\/IMG_1175-e1694168622478-1024x1024.png 1024w, https:\/\/my996.fr\/wp-content\/uploads\/2023\/09\/IMG_1175-e1694168622478-150x150.png 150w, https:\/\/my996.fr\/wp-content\/uploads\/2023\/09\/IMG_1175-e1694168622478-768x768.png 768w, https:\/\/my996.fr\/wp-content\/uploads\/2023\/09\/IMG_1175-e1694168622478-1536x1536.png 1536w, https:\/\/my996.fr\/wp-content\/uploads\/2023\/09\/IMG_1175-e1694168622478-2048x2048.png 2048w, https:\/\/my996.fr\/wp-content\/uploads\/2023\/09\/IMG_1175-e1694168622478-600x600.png 600w, https:\/\/my996.fr\/wp-content\/uploads\/2023\/09\/IMG_1175-e1694168622478-100x100.png 100w\" sizes=\"(max-width: 300px) 100vw, 300px\" \/><\/a>\n\t\t\t<\/div><\/figure>\n\t\t<\/div>\n\t\t<\/div>\n\t\t\t\t\t\t<\/div>\n\t\t\t\t<\/div>\n\t\t\t\t<div class=\"elementor-element elementor-element-e28a0f3 elementor-widget elementor-widget-heading\" data-id=\"e28a0f3\" data-element_type=\"widget\" data-e-type=\"widget\" data-widget_type=\"heading.default\">\n\t\t\t\t<div class=\"elementor-widget-container\">\n\t\t\t\t\t<h3 class=\"elementor-heading-title elementor-size-default\">2 - Branchement du c\u00e2ble + blanc des feux de recul<\/h3>\t\t\t\t<\/div>\n\t\t\t\t<\/div>\n\t\t\t\t<div class=\"elementor-element elementor-element-f517ac3 elementor-widget elementor-widget-text-editor\" data-id=\"f517ac3\" data-element_type=\"widget\" data-e-type=\"widget\" data-widget_type=\"text-editor.default\">\n\t\t\t\t<div class=\"elementor-widget-container\">\n\t\t\t\t\t\t\t\t\t<p>Nous allons ensuite effectuer le branchement du c\u00e2ble blanc du + des feux de recul (Reversing light). Suivre le m\u00eame chemin que le faisceau des radars mais en direction de la baie moteur cette fois-ci. Ce c\u00e2ble doit \u00eatre reli\u00e9 au plus des feux de recul.<\/p>\t\t\t\t\t\t\t\t<\/div>\n\t\t\t\t<\/div>\n\t\t\t\t<div class=\"elementor-element elementor-element-d178735 elementor-widget elementor-widget-image-gallery\" data-id=\"d178735\" data-element_type=\"widget\" data-e-type=\"widget\" data-widget_type=\"image-gallery.default\">\n\t\t\t\t<div class=\"elementor-widget-container\">\n\t\t\t\t\t\t\t<div class=\"elementor-image-gallery\">\n\t\t\t<div id='gallery-63' class='gallery galleryid-851 gallery-columns-2 gallery-size-medium'><figure class='gallery-item'>\n\t\t\t<div class='gallery-icon landscape'>\n\t\t\t\t<a data-elementor-open-lightbox=\"yes\" data-elementor-lightbox-slideshow=\"d178735\" data-elementor-lightbox-title=\"Installation radar de recul Porsche 996\" data-e-action-hash=\"#elementor-action%3Aaction%3Dlightbox%26settings%3DeyJpZCI6MTQ2MywidXJsIjoiaHR0cHM6XC9cL215OTk2LmZyXC93cC1jb250ZW50XC91cGxvYWRzXC8yMDIzXC8wOVwvUkVWLTctZTE2OTQxNzc0MzY5NzkucG5nIiwic2xpZGVzaG93IjoiZDE3ODczNSJ9\" href='https:\/\/my996.fr\/wp-content\/uploads\/2023\/09\/REV-7-e1694177436979.png'><img loading=\"lazy\" decoding=\"async\" width=\"300\" height=\"300\" src=\"https:\/\/my996.fr\/wp-content\/uploads\/2023\/09\/REV-7-e1694177436979-300x300.png\" class=\"attachment-medium size-medium\" alt=\"Installation radar de recul Porsche 996\" srcset=\"https:\/\/my996.fr\/wp-content\/uploads\/2023\/09\/REV-7-e1694177436979-300x300.png 300w, https:\/\/my996.fr\/wp-content\/uploads\/2023\/09\/REV-7-e1694177436979-1024x1024.png 1024w, https:\/\/my996.fr\/wp-content\/uploads\/2023\/09\/REV-7-e1694177436979-150x150.png 150w, https:\/\/my996.fr\/wp-content\/uploads\/2023\/09\/REV-7-e1694177436979-768x768.png 768w, https:\/\/my996.fr\/wp-content\/uploads\/2023\/09\/REV-7-e1694177436979-1536x1536.png 1536w, https:\/\/my996.fr\/wp-content\/uploads\/2023\/09\/REV-7-e1694177436979-2048x2048.png 2048w, https:\/\/my996.fr\/wp-content\/uploads\/2023\/09\/REV-7-e1694177436979-600x600.png 600w, https:\/\/my996.fr\/wp-content\/uploads\/2023\/09\/REV-7-e1694177436979-100x100.png 100w\" sizes=\"(max-width: 300px) 100vw, 300px\" \/><\/a>\n\t\t\t<\/div><\/figure><figure class='gallery-item'>\n\t\t\t<div class='gallery-icon landscape'>\n\t\t\t\t<a data-elementor-open-lightbox=\"yes\" data-elementor-lightbox-slideshow=\"d178735\" data-elementor-lightbox-title=\"Installation radar de recul Porsche 996\" data-e-action-hash=\"#elementor-action%3Aaction%3Dlightbox%26settings%3DeyJpZCI6MTQ2MiwidXJsIjoiaHR0cHM6XC9cL215OTk2LmZyXC93cC1jb250ZW50XC91cGxvYWRzXC8yMDIzXC8wOVwvUkVWLTYtZTE2OTQxNzc0NzY1ODcucG5nIiwic2xpZGVzaG93IjoiZDE3ODczNSJ9\" data-elementor-lightbox-description=\"Passage du c\u00e2ble vers la baie moteur.\" href='https:\/\/my996.fr\/wp-content\/uploads\/2023\/09\/REV-6-e1694177476587.png'><img loading=\"lazy\" decoding=\"async\" width=\"300\" height=\"300\" src=\"https:\/\/my996.fr\/wp-content\/uploads\/2023\/09\/REV-6-e1694177476587-300x300.png\" class=\"attachment-medium size-medium\" alt=\"Installation radar de recul Porsche 996\" srcset=\"https:\/\/my996.fr\/wp-content\/uploads\/2023\/09\/REV-6-e1694177476587-300x300.png 300w, https:\/\/my996.fr\/wp-content\/uploads\/2023\/09\/REV-6-e1694177476587-1024x1024.png 1024w, https:\/\/my996.fr\/wp-content\/uploads\/2023\/09\/REV-6-e1694177476587-150x150.png 150w, https:\/\/my996.fr\/wp-content\/uploads\/2023\/09\/REV-6-e1694177476587-768x768.png 768w, https:\/\/my996.fr\/wp-content\/uploads\/2023\/09\/REV-6-e1694177476587-1536x1536.png 1536w, https:\/\/my996.fr\/wp-content\/uploads\/2023\/09\/REV-6-e1694177476587-2048x2048.png 2048w, https:\/\/my996.fr\/wp-content\/uploads\/2023\/09\/REV-6-e1694177476587-600x600.png 600w, https:\/\/my996.fr\/wp-content\/uploads\/2023\/09\/REV-6-e1694177476587-100x100.png 100w\" sizes=\"(max-width: 300px) 100vw, 300px\" \/><\/a>\n\t\t\t<\/div><\/figure>\n\t\t<\/div>\n\t\t<\/div>\n\t\t\t\t\t\t<\/div>\n\t\t\t\t<\/div>\n\t\t\t\t<div class=\"elementor-element elementor-element-2420252 elementor-widget elementor-widget-text-editor\" data-id=\"2420252\" data-element_type=\"widget\" data-e-type=\"widget\" data-widget_type=\"text-editor.default\">\n\t\t\t\t<div class=\"elementor-widget-container\">\n\t\t\t\t\t\t\t\t\t<p>Pour une meilleure installation, j&rsquo;ai effectu\u00e9 un petit trou dans la gaine en plastique du faisceau des feux arri\u00e8res afin de faire passer le c\u00e2ble \u00e0 l&rsquo;int\u00e9rieur (Fl\u00e8che rouge du sch\u00e9ma ci dessous).<\/p>\t\t\t\t\t\t\t\t<\/div>\n\t\t\t\t<\/div>\n\t\t\t\t<div class=\"elementor-element elementor-element-56f3bd7 elementor-widget elementor-widget-image-gallery\" data-id=\"56f3bd7\" data-element_type=\"widget\" data-e-type=\"widget\" data-widget_type=\"image-gallery.default\">\n\t\t\t\t<div class=\"elementor-widget-container\">\n\t\t\t\t\t\t\t<div class=\"elementor-image-gallery\">\n\t\t\t<div id='gallery-64' class='gallery galleryid-851 gallery-columns-1 gallery-size-medium'><figure class='gallery-item'>\n\t\t\t<div class='gallery-icon landscape'>\n\t\t\t\t<a data-elementor-open-lightbox=\"yes\" data-elementor-lightbox-slideshow=\"56f3bd7\" data-elementor-lightbox-title=\"Installation radar de recul Porsche 996\" data-elementor-lightbox-description=\"Passage du c\u00e2ble dans la gaine d&#039;origine du faisceau des feux arri\u00e8res.\" data-e-action-hash=\"#elementor-action%3Aaction%3Dlightbox%26settings%3DeyJpZCI6MTQ1OCwidXJsIjoiaHR0cHM6XC9cL215OTk2LmZyXC93cC1jb250ZW50XC91cGxvYWRzXC8yMDIzXC8wOVwvUkVWLTItZTE2OTQxNzc3MTAyODgucG5nIiwic2xpZGVzaG93IjoiNTZmM2JkNyJ9\" href='https:\/\/my996.fr\/wp-content\/uploads\/2023\/09\/REV-2-e1694177710288.png'><img loading=\"lazy\" decoding=\"async\" width=\"300\" height=\"300\" src=\"https:\/\/my996.fr\/wp-content\/uploads\/2023\/09\/REV-2-e1694177710288-300x300.png\" class=\"attachment-medium size-medium\" alt=\"Installation radar de recul Porsche 996\" srcset=\"https:\/\/my996.fr\/wp-content\/uploads\/2023\/09\/REV-2-e1694177710288-300x300.png 300w, https:\/\/my996.fr\/wp-content\/uploads\/2023\/09\/REV-2-e1694177710288-1024x1024.png 1024w, https:\/\/my996.fr\/wp-content\/uploads\/2023\/09\/REV-2-e1694177710288-150x150.png 150w, https:\/\/my996.fr\/wp-content\/uploads\/2023\/09\/REV-2-e1694177710288-768x768.png 768w, https:\/\/my996.fr\/wp-content\/uploads\/2023\/09\/REV-2-e1694177710288-1536x1536.png 1536w, https:\/\/my996.fr\/wp-content\/uploads\/2023\/09\/REV-2-e1694177710288-2048x2048.png 2048w, https:\/\/my996.fr\/wp-content\/uploads\/2023\/09\/REV-2-e1694177710288-600x600.png 600w, https:\/\/my996.fr\/wp-content\/uploads\/2023\/09\/REV-2-e1694177710288-100x100.png 100w\" sizes=\"(max-width: 300px) 100vw, 300px\" \/><\/a>\n\t\t\t<\/div><\/figure>\n\t\t<\/div>\n\t\t<\/div>\n\t\t\t\t\t\t<\/div>\n\t\t\t\t<\/div>\n\t\t\t\t<div class=\"elementor-element elementor-element-249730f elementor-widget elementor-widget-heading\" data-id=\"249730f\" data-element_type=\"widget\" data-e-type=\"widget\" data-widget_type=\"heading.default\">\n\t\t\t\t<div class=\"elementor-widget-container\">\n\t\t\t\t\t<h3 class=\"elementor-heading-title elementor-size-default\">3 - PASSAGE des c\u00e2bles + acc 12V ET MUTE CONTROL<\/h3>\t\t\t\t<\/div>\n\t\t\t\t<\/div>\n\t\t\t\t<div class=\"elementor-element elementor-element-180daa1 elementor-widget elementor-widget-text-editor\" data-id=\"180daa1\" data-element_type=\"widget\" data-e-type=\"widget\" data-widget_type=\"text-editor.default\">\n\t\t\t\t<div class=\"elementor-widget-container\">\n\t\t\t\t\t\t\t\t\t<p>Pour terminer l&rsquo;installation nous devons faire passer les c\u00e2bles d&rsquo;alimentation et de la fonction mute en direction du PCM \/ Autoradio en fonction de votre installation.\u00a0<\/p>\n<p>Le c\u00e2ble jaune permettant la fonction MUTE (R\u00e9duction du son de l&rsquo;autoradio lors du passage de la marche arri\u00e8re) n&rsquo;est pas utile avec le PCM 1 car celui-ci en est d\u00e9pourvu cependant j&rsquo;ai quand m\u00eame tir\u00e9 le c\u00e2ble si jamais j&rsquo;installe un autoradio plus moderne dans le futur. Il sort directement derri\u00e8re le PCM mais n&rsquo;est pas reli\u00e9, il faudra le brancher \u00e0 l&#8217;emplacement correspondant \u00e0 sa fonction sur le nouvel autoradio. Il faut mettre du chatterton au bout du c\u00e2ble pour \u00e9viter un faux contact, \u00e9tant donn\u00e9 qu&rsquo;il n&rsquo;est pas reli\u00e9.<\/p>\t\t\t\t\t\t\t\t<\/div>\n\t\t\t\t<\/div>\n\t\t\t\t<div class=\"elementor-element elementor-element-5aaf584 elementor-widget elementor-widget-image-gallery\" data-id=\"5aaf584\" data-element_type=\"widget\" data-e-type=\"widget\" data-widget_type=\"image-gallery.default\">\n\t\t\t\t<div class=\"elementor-widget-container\">\n\t\t\t\t\t\t\t<div class=\"elementor-image-gallery\">\n\t\t\t<div id='gallery-65' class='gallery galleryid-851 gallery-columns-2 gallery-size-medium'><figure class='gallery-item'>\n\t\t\t<div class='gallery-icon portrait'>\n\t\t\t\t<a data-elementor-open-lightbox=\"yes\" data-elementor-lightbox-slideshow=\"5aaf584\" data-elementor-lightbox-title=\"Installation radar de recul Porsche 996\" data-e-action-hash=\"#elementor-action%3Aaction%3Dlightbox%26settings%3DeyJpZCI6MTQ1OSwidXJsIjoiaHR0cHM6XC9cL215OTk2LmZyXC93cC1jb250ZW50XC91cGxvYWRzXC8yMDIzXC8wOVwvUkVWLTMucG5nIiwic2xpZGVzaG93IjoiNWFhZjU4NCJ9\" href='https:\/\/my996.fr\/wp-content\/uploads\/2023\/09\/REV-3.png'><img loading=\"lazy\" decoding=\"async\" width=\"225\" height=\"300\" src=\"https:\/\/my996.fr\/wp-content\/uploads\/2023\/09\/REV-3-225x300.png\" class=\"attachment-medium size-medium\" alt=\"Installation radar de recul Porsche 996\" srcset=\"https:\/\/my996.fr\/wp-content\/uploads\/2023\/09\/REV-3-225x300.png 225w, https:\/\/my996.fr\/wp-content\/uploads\/2023\/09\/REV-3-768x1024.png 768w, https:\/\/my996.fr\/wp-content\/uploads\/2023\/09\/REV-3-1152x1536.png 1152w, https:\/\/my996.fr\/wp-content\/uploads\/2023\/09\/REV-3-1536x2048.png 1536w, https:\/\/my996.fr\/wp-content\/uploads\/2023\/09\/REV-3-600x800.png 600w\" sizes=\"(max-width: 225px) 100vw, 225px\" \/><\/a>\n\t\t\t<\/div><\/figure><figure class='gallery-item'>\n\t\t\t<div class='gallery-icon portrait'>\n\t\t\t\t<a data-elementor-open-lightbox=\"yes\" data-elementor-lightbox-slideshow=\"5aaf584\" data-elementor-lightbox-title=\"Installation radar de recul Porsche 996\" data-e-action-hash=\"#elementor-action%3Aaction%3Dlightbox%26settings%3DeyJpZCI6MTQ2MCwidXJsIjoiaHR0cHM6XC9cL215OTk2LmZyXC93cC1jb250ZW50XC91cGxvYWRzXC8yMDIzXC8wOVwvUkVWLTQucG5nIiwic2xpZGVzaG93IjoiNWFhZjU4NCJ9\" href='https:\/\/my996.fr\/wp-content\/uploads\/2023\/09\/REV-4.png'><img loading=\"lazy\" decoding=\"async\" width=\"225\" height=\"300\" src=\"https:\/\/my996.fr\/wp-content\/uploads\/2023\/09\/REV-4-225x300.png\" class=\"attachment-medium size-medium\" alt=\"Installation radar de recul Porsche 996\" srcset=\"https:\/\/my996.fr\/wp-content\/uploads\/2023\/09\/REV-4-225x300.png 225w, https:\/\/my996.fr\/wp-content\/uploads\/2023\/09\/REV-4-768x1024.png 768w, https:\/\/my996.fr\/wp-content\/uploads\/2023\/09\/REV-4-1152x1536.png 1152w, https:\/\/my996.fr\/wp-content\/uploads\/2023\/09\/REV-4-1536x2048.png 1536w, https:\/\/my996.fr\/wp-content\/uploads\/2023\/09\/REV-4-600x800.png 600w\" sizes=\"(max-width: 225px) 100vw, 225px\" \/><\/a>\n\t\t\t<\/div><\/figure><figure class='gallery-item'>\n\t\t\t<div class='gallery-icon portrait'>\n\t\t\t\t<a data-elementor-open-lightbox=\"yes\" data-elementor-lightbox-slideshow=\"5aaf584\" data-elementor-lightbox-title=\"Installation radar de recul Porsche 996\" data-e-action-hash=\"#elementor-action%3Aaction%3Dlightbox%26settings%3DeyJpZCI6MTQ2MSwidXJsIjoiaHR0cHM6XC9cL215OTk2LmZyXC93cC1jb250ZW50XC91cGxvYWRzXC8yMDIzXC8wOVwvUkVWLTUucG5nIiwic2xpZGVzaG93IjoiNWFhZjU4NCJ9\" href='https:\/\/my996.fr\/wp-content\/uploads\/2023\/09\/REV-5.png'><img loading=\"lazy\" decoding=\"async\" width=\"225\" height=\"300\" src=\"https:\/\/my996.fr\/wp-content\/uploads\/2023\/09\/REV-5-225x300.png\" class=\"attachment-medium size-medium\" alt=\"Installation radar de recul Porsche 996\" srcset=\"https:\/\/my996.fr\/wp-content\/uploads\/2023\/09\/REV-5-225x300.png 225w, https:\/\/my996.fr\/wp-content\/uploads\/2023\/09\/REV-5-768x1024.png 768w, https:\/\/my996.fr\/wp-content\/uploads\/2023\/09\/REV-5-1152x1536.png 1152w, https:\/\/my996.fr\/wp-content\/uploads\/2023\/09\/REV-5-1536x2048.png 1536w, https:\/\/my996.fr\/wp-content\/uploads\/2023\/09\/REV-5-600x800.png 600w\" sizes=\"(max-width: 225px) 100vw, 225px\" \/><\/a>\n\t\t\t<\/div><\/figure>\n\t\t<\/div>\n\t\t<\/div>\n\t\t\t\t\t\t<\/div>\n\t\t\t\t<\/div>\n\t\t\t\t<div class=\"elementor-element elementor-element-10e1167 elementor-widget elementor-widget-text-editor\" data-id=\"10e1167\" data-element_type=\"widget\" data-e-type=\"widget\" data-widget_type=\"text-editor.default\">\n\t\t\t\t<div class=\"elementor-widget-container\">\n\t\t\t\t\t\t\t\t\t<p>Les c\u00e2bles passent en dessous de la moquette des si\u00e8ges arri\u00e8res et ressortent en dessous de la boite de rangement de la console centrale, ou les c\u00e2bles de frein \u00e0 main passent. Il faut retirer la console centrale afin de passer correctement les c\u00e2bles. Un tutoriel est disponible : Porsche 996 &#8211; D\u00e9montage de la console centrale<\/p>\t\t\t\t\t\t\t\t<\/div>\n\t\t\t\t<\/div>\n\t\t\t\t<div class=\"elementor-element elementor-element-6284eab elementor-widget elementor-widget-heading\" data-id=\"6284eab\" data-element_type=\"widget\" data-e-type=\"widget\" data-widget_type=\"heading.default\">\n\t\t\t\t<div class=\"elementor-widget-container\">\n\t\t\t\t\t<h2 class=\"elementor-heading-title elementor-size-default\">Branchement au pcm<\/h2>\t\t\t\t<\/div>\n\t\t\t\t<\/div>\n\t\t\t\t<div class=\"elementor-element elementor-element-265852e elementor-widget elementor-widget-text-editor\" data-id=\"265852e\" data-element_type=\"widget\" data-e-type=\"widget\" data-widget_type=\"text-editor.default\">\n\t\t\t\t<div class=\"elementor-widget-container\">\n\t\t\t\t\t\t\t\t\t<p>La derni\u00e8re \u00e9tape consiste \u00e0 effectuer le branchement du c\u00e2ble d&rsquo;alimentation sur le PCM. Il faut trouver l&#8217;emplacement contenant un plus apr\u00e8s contact afin d&rsquo;\u00e9viter une d\u00e9charge de la batterie. Le PCM de premi\u00e8re g\u00e9n\u00e9ration dispose de plusieurs emplacements possible. Tout d&rsquo;abord vous devez d\u00e9monter le PCM. Un tutoriel est disponible : Porsche 996 &#8211; D\u00e9montage du PCM<\/p>\n<p>Une fois le d\u00e9montage effectu\u00e9, il ne reste plus qu&rsquo;\u00e0 relier le c\u00e2ble d&rsquo;alimentation rose au PCM, ici sur ma 996 de 1998 c&rsquo;est un PCM 1.<\/p>\t\t\t\t\t\t\t\t<\/div>\n\t\t\t\t<\/div>\n\t\t\t\t<div class=\"elementor-element elementor-element-56ad9b2 elementor-widget elementor-widget-heading\" data-id=\"56ad9b2\" data-element_type=\"widget\" data-e-type=\"widget\" data-widget_type=\"heading.default\">\n\t\t\t\t<div class=\"elementor-widget-container\">\n\t\t\t\t\t<h6 class=\"elementor-heading-title elementor-size-default\">Sch\u00e9ma \u00e9lectrique pcm 1<\/h6>\t\t\t\t<\/div>\n\t\t\t\t<\/div>\n\t\t\t\t<div class=\"elementor-element elementor-element-bb0b1fd elementor-widget elementor-widget-image-gallery\" data-id=\"bb0b1fd\" data-element_type=\"widget\" data-e-type=\"widget\" data-widget_type=\"image-gallery.default\">\n\t\t\t\t<div class=\"elementor-widget-container\">\n\t\t\t\t\t\t\t<div class=\"elementor-image-gallery\">\n\t\t\t<div id='gallery-66' class='gallery galleryid-851 gallery-columns-1 gallery-size-large'><figure class='gallery-item'>\n\t\t\t<div class='gallery-icon landscape'>\n\t\t\t\t<a data-elementor-open-lightbox=\"yes\" data-elementor-lightbox-slideshow=\"bb0b1fd\" data-elementor-lightbox-title=\"Installation radar de recul Porsche 996\" data-e-action-hash=\"#elementor-action%3Aaction%3Dlightbox%26settings%3DeyJpZCI6MTQ3NywidXJsIjoiaHR0cHM6XC9cL215OTk2LmZyXC93cC1jb250ZW50XC91cGxvYWRzXC8yMDIzXC8wOVwvcGNtMV9jb250cm9sLnBuZyIsInNsaWRlc2hvdyI6ImJiMGIxZmQifQ%3D%3D\" href='https:\/\/my996.fr\/wp-content\/uploads\/2023\/09\/pcm1_control.png'><img loading=\"lazy\" decoding=\"async\" width=\"600\" height=\"386\" src=\"https:\/\/my996.fr\/wp-content\/uploads\/2023\/09\/pcm1_control.png\" class=\"attachment-large size-large\" alt=\"Installation radar de recul Porsche 996\" srcset=\"https:\/\/my996.fr\/wp-content\/uploads\/2023\/09\/pcm1_control.png 600w, https:\/\/my996.fr\/wp-content\/uploads\/2023\/09\/pcm1_control-300x193.png 300w\" sizes=\"(max-width: 600px) 100vw, 600px\" \/><\/a>\n\t\t\t<\/div><\/figure>\n\t\t<\/div>\n\t\t<\/div>\n\t\t\t\t\t\t<\/div>\n\t\t\t\t<\/div>\n\t\t\t\t<div class=\"elementor-element elementor-element-e328738 elementor-widget elementor-widget-heading\" data-id=\"e328738\" data-element_type=\"widget\" data-e-type=\"widget\" data-widget_type=\"heading.default\">\n\t\t\t\t<div class=\"elementor-widget-container\">\n\t\t\t\t\t<h6 class=\"elementor-heading-title elementor-size-default\">SCH\u00e9ma Connecteur a<\/h6>\t\t\t\t<\/div>\n\t\t\t\t<\/div>\n\t\t\t\t<div class=\"elementor-element elementor-element-068f5eb elementor-widget elementor-widget-image-gallery\" data-id=\"068f5eb\" data-element_type=\"widget\" data-e-type=\"widget\" data-widget_type=\"image-gallery.default\">\n\t\t\t\t<div class=\"elementor-widget-container\">\n\t\t\t\t\t\t\t<div class=\"elementor-image-gallery\">\n\t\t\t<div id='gallery-67' class='gallery galleryid-851 gallery-columns-1 gallery-size-large'><figure class='gallery-item'>\n\t\t\t<div class='gallery-icon landscape'>\n\t\t\t\t<a data-elementor-open-lightbox=\"yes\" data-elementor-lightbox-slideshow=\"068f5eb\" data-elementor-lightbox-title=\"Installation radar de recul Porsche 996\" data-e-action-hash=\"#elementor-action%3Aaction%3Dlightbox%26settings%3DeyJpZCI6MTQ3NSwidXJsIjoiaHR0cHM6XC9cL215OTk2LmZyXC93cC1jb250ZW50XC91cGxvYWRzXC8yMDIzXC8wOVwvMi4xLnBuZyIsInNsaWRlc2hvdyI6IjA2OGY1ZWIifQ%3D%3D\" href='https:\/\/my996.fr\/wp-content\/uploads\/2023\/09\/2.1.png'><img loading=\"lazy\" decoding=\"async\" width=\"1024\" height=\"344\" src=\"https:\/\/my996.fr\/wp-content\/uploads\/2023\/09\/2.1-1024x344.png\" class=\"attachment-large size-large\" alt=\"Installation radar de recul Porsche 996\" srcset=\"https:\/\/my996.fr\/wp-content\/uploads\/2023\/09\/2.1-1024x344.png 1024w, https:\/\/my996.fr\/wp-content\/uploads\/2023\/09\/2.1-300x101.png 300w, https:\/\/my996.fr\/wp-content\/uploads\/2023\/09\/2.1-768x258.png 768w, https:\/\/my996.fr\/wp-content\/uploads\/2023\/09\/2.1-600x202.png 600w, https:\/\/my996.fr\/wp-content\/uploads\/2023\/09\/2.1.png 1434w\" sizes=\"(max-width: 1024px) 100vw, 1024px\" \/><\/a>\n\t\t\t<\/div><\/figure>\n\t\t<\/div>\n\t\t<\/div>\n\t\t\t\t\t\t<\/div>\n\t\t\t\t<\/div>\n\t\t\t\t<div class=\"elementor-element elementor-element-e6f3686 elementor-widget elementor-widget-heading\" data-id=\"e6f3686\" data-element_type=\"widget\" data-e-type=\"widget\" data-widget_type=\"heading.default\">\n\t\t\t\t<div class=\"elementor-widget-container\">\n\t\t\t\t\t<h6 class=\"elementor-heading-title elementor-size-default\">SCH\u00e9ma Connecteur b<\/h6>\t\t\t\t<\/div>\n\t\t\t\t<\/div>\n\t\t\t\t<div class=\"elementor-element elementor-element-198f0ba elementor-widget elementor-widget-image-gallery\" data-id=\"198f0ba\" data-element_type=\"widget\" data-e-type=\"widget\" data-widget_type=\"image-gallery.default\">\n\t\t\t\t<div class=\"elementor-widget-container\">\n\t\t\t\t\t\t\t<div class=\"elementor-image-gallery\">\n\t\t\t<div id='gallery-68' class='gallery galleryid-851 gallery-columns-1 gallery-size-large'><figure class='gallery-item'>\n\t\t\t<div class='gallery-icon landscape'>\n\t\t\t\t<a data-elementor-open-lightbox=\"yes\" data-elementor-lightbox-slideshow=\"198f0ba\" data-elementor-lightbox-title=\"Installation radar de recul Porsche 996\" data-e-action-hash=\"#elementor-action%3Aaction%3Dlightbox%26settings%3DeyJpZCI6MTQ3NiwidXJsIjoiaHR0cHM6XC9cL215OTk2LmZyXC93cC1jb250ZW50XC91cGxvYWRzXC8yMDIzXC8wOVwvMy5wbmciLCJzbGlkZXNob3ciOiIxOThmMGJhIn0%3D\" href='https:\/\/my996.fr\/wp-content\/uploads\/2023\/09\/3.png'><img loading=\"lazy\" decoding=\"async\" width=\"1024\" height=\"268\" src=\"https:\/\/my996.fr\/wp-content\/uploads\/2023\/09\/3-1024x268.png\" class=\"attachment-large size-large\" alt=\"Installation radar de recul Porsche 996\" srcset=\"https:\/\/my996.fr\/wp-content\/uploads\/2023\/09\/3-1024x268.png 1024w, https:\/\/my996.fr\/wp-content\/uploads\/2023\/09\/3-300x78.png 300w, https:\/\/my996.fr\/wp-content\/uploads\/2023\/09\/3-768x201.png 768w, https:\/\/my996.fr\/wp-content\/uploads\/2023\/09\/3-600x157.png 600w, https:\/\/my996.fr\/wp-content\/uploads\/2023\/09\/3.png 1424w\" sizes=\"(max-width: 1024px) 100vw, 1024px\" \/><\/a>\n\t\t\t<\/div><\/figure>\n\t\t<\/div>\n\t\t<\/div>\n\t\t\t\t\t\t<\/div>\n\t\t\t\t<\/div>\n\t\t\t\t<div class=\"elementor-element elementor-element-98fc627 elementor-widget elementor-widget-heading\" data-id=\"98fc627\" data-element_type=\"widget\" data-e-type=\"widget\" data-widget_type=\"heading.default\">\n\t\t\t\t<div class=\"elementor-widget-container\">\n\t\t\t\t\t<h6 class=\"elementor-heading-title elementor-size-default\">SCH\u00e9ma Connecteur c<\/h6>\t\t\t\t<\/div>\n\t\t\t\t<\/div>\n\t\t\t\t<div class=\"elementor-element elementor-element-65c9b52 elementor-widget elementor-widget-image-gallery\" data-id=\"65c9b52\" data-element_type=\"widget\" data-e-type=\"widget\" data-widget_type=\"image-gallery.default\">\n\t\t\t\t<div class=\"elementor-widget-container\">\n\t\t\t\t\t\t\t<div class=\"elementor-image-gallery\">\n\t\t\t<div id='gallery-69' class='gallery galleryid-851 gallery-columns-1 gallery-size-large'><figure class='gallery-item'>\n\t\t\t<div class='gallery-icon landscape'>\n\t\t\t\t<a data-elementor-open-lightbox=\"yes\" data-elementor-lightbox-slideshow=\"65c9b52\" data-elementor-lightbox-title=\"Installation radar de recul Porsche 996\" data-e-action-hash=\"#elementor-action%3Aaction%3Dlightbox%26settings%3DeyJpZCI6MTQ3NCwidXJsIjoiaHR0cHM6XC9cL215OTk2LmZyXC93cC1jb250ZW50XC91cGxvYWRzXC8yMDIzXC8wOVwvMS5wbmciLCJzbGlkZXNob3ciOiI2NWM5YjUyIn0%3D\" href='https:\/\/my996.fr\/wp-content\/uploads\/2023\/09\/1.png'><img loading=\"lazy\" decoding=\"async\" width=\"1024\" height=\"591\" src=\"https:\/\/my996.fr\/wp-content\/uploads\/2023\/09\/1-1024x591.png\" class=\"attachment-large size-large\" alt=\"Installation radar de recul Porsche 996\" srcset=\"https:\/\/my996.fr\/wp-content\/uploads\/2023\/09\/1-1024x591.png 1024w, https:\/\/my996.fr\/wp-content\/uploads\/2023\/09\/1-300x173.png 300w, https:\/\/my996.fr\/wp-content\/uploads\/2023\/09\/1-768x443.png 768w, https:\/\/my996.fr\/wp-content\/uploads\/2023\/09\/1-600x346.png 600w, https:\/\/my996.fr\/wp-content\/uploads\/2023\/09\/1.png 1434w\" sizes=\"(max-width: 1024px) 100vw, 1024px\" \/><\/a>\n\t\t\t<\/div><\/figure>\n\t\t<\/div>\n\t\t<\/div>\n\t\t\t\t\t\t<\/div>\n\t\t\t\t<\/div>\n\t\t\t\t<div class=\"elementor-element elementor-element-4ef3875 elementor-widget elementor-widget-text-editor\" data-id=\"4ef3875\" data-element_type=\"widget\" data-e-type=\"widget\" data-widget_type=\"text-editor.default\">\n\t\t\t\t<div class=\"elementor-widget-container\">\n\t\t\t\t\t\t\t\t\t<p>Deux emplacements sont disponibles permettant de brancher l&rsquo;alimentation en 12v apr\u00e8s contact :<\/p>\n<ul>\n<li>La broche 6 du connecteur Jaune C<\/li>\n<li>La broche 7 du connecteur Noir A<\/li>\n<\/ul>\n<div>J&rsquo;ai d\u00e9cid\u00e9 d&rsquo;utiliser la broche 7 du connecteur Noir A car le c\u00e2ble est plus accessible. Il s&rsquo;agit d&rsquo;un c\u00e2ble Orange comme mentionn\u00e9 dans le tableau plus haut concernant le connecteur A.<\/div>\t\t\t\t\t\t\t\t<\/div>\n\t\t\t\t<\/div>\n\t\t\t\t<div class=\"elementor-element elementor-element-ab47b09 elementor-widget elementor-widget-image-gallery\" data-id=\"ab47b09\" data-element_type=\"widget\" data-e-type=\"widget\" data-widget_type=\"image-gallery.default\">\n\t\t\t\t<div class=\"elementor-widget-container\">\n\t\t\t\t\t\t\t<div class=\"elementor-image-gallery\">\n\t\t\t<div id='gallery-70' class='gallery galleryid-851 gallery-columns-1 gallery-size-medium'><figure class='gallery-item'>\n\t\t\t<div class='gallery-icon landscape'>\n\t\t\t\t<a data-elementor-open-lightbox=\"yes\" data-elementor-lightbox-slideshow=\"ab47b09\" data-elementor-lightbox-title=\"Installation radar de recul Porsche 996\" data-e-action-hash=\"#elementor-action%3Aaction%3Dlightbox%26settings%3DeyJpZCI6MTQ4MiwidXJsIjoiaHR0cHM6XC9cL215OTk2LmZyXC93cC1jb250ZW50XC91cGxvYWRzXC8yMDIzXC8wOVwvQ2FibGUtQUNDLVBDTS1lMTY5NDQzMjYzOTk2NS5wbmciLCJzbGlkZXNob3ciOiJhYjQ3YjA5In0%3D\" href='https:\/\/my996.fr\/wp-content\/uploads\/2023\/09\/Cable-ACC-PCM-e1694432639965.png'><img loading=\"lazy\" decoding=\"async\" width=\"300\" height=\"300\" src=\"https:\/\/my996.fr\/wp-content\/uploads\/2023\/09\/Cable-ACC-PCM-e1694432639965-300x300.png\" class=\"attachment-medium size-medium\" alt=\"Installation radar de recul Porsche 996\" srcset=\"https:\/\/my996.fr\/wp-content\/uploads\/2023\/09\/Cable-ACC-PCM-e1694432639965-300x300.png 300w, https:\/\/my996.fr\/wp-content\/uploads\/2023\/09\/Cable-ACC-PCM-e1694432639965-1024x1024.png 1024w, https:\/\/my996.fr\/wp-content\/uploads\/2023\/09\/Cable-ACC-PCM-e1694432639965-150x150.png 150w, https:\/\/my996.fr\/wp-content\/uploads\/2023\/09\/Cable-ACC-PCM-e1694432639965-768x768.png 768w, https:\/\/my996.fr\/wp-content\/uploads\/2023\/09\/Cable-ACC-PCM-e1694432639965-1536x1536.png 1536w, https:\/\/my996.fr\/wp-content\/uploads\/2023\/09\/Cable-ACC-PCM-e1694432639965-2048x2048.png 2048w, https:\/\/my996.fr\/wp-content\/uploads\/2023\/09\/Cable-ACC-PCM-e1694432639965-600x600.png 600w, https:\/\/my996.fr\/wp-content\/uploads\/2023\/09\/Cable-ACC-PCM-e1694432639965-100x100.png 100w\" sizes=\"(max-width: 300px) 100vw, 300px\" \/><\/a>\n\t\t\t<\/div><\/figure>\n\t\t<\/div>\n\t\t<\/div>\n\t\t\t\t\t\t<\/div>\n\t\t\t\t<\/div>\n\t\t\t\t<div class=\"elementor-element elementor-element-c828349 elementor-widget elementor-widget-text-editor\" data-id=\"c828349\" data-element_type=\"widget\" data-e-type=\"widget\" data-widget_type=\"text-editor.default\">\n\t\t\t\t<div class=\"elementor-widget-container\">\n\t\t\t\t\t\t\t\t\t<p>Pour relier le c\u00e2ble d&rsquo;alimentation rose au c\u00e2ble orange il faut donc utiliser le connecteur d\u00e9rivation fourni avec le kit des radars de recul.<\/p>\t\t\t\t\t\t\t\t<\/div>\n\t\t\t\t<\/div>\n\t\t\t\t<div class=\"elementor-element elementor-element-c5c5221 elementor-widget elementor-widget-image-gallery\" data-id=\"c5c5221\" data-element_type=\"widget\" data-e-type=\"widget\" data-widget_type=\"image-gallery.default\">\n\t\t\t\t<div class=\"elementor-widget-container\">\n\t\t\t\t\t\t\t<div class=\"elementor-image-gallery\">\n\t\t\t<div id='gallery-71' class='gallery galleryid-851 gallery-columns-1 gallery-size-medium'><figure class='gallery-item'>\n\t\t\t<div class='gallery-icon landscape'>\n\t\t\t\t<a data-elementor-open-lightbox=\"yes\" data-elementor-lightbox-slideshow=\"c5c5221\" data-elementor-lightbox-title=\"Installation radar de recul Porsche 996\" data-e-action-hash=\"#elementor-action%3Aaction%3Dlightbox%26settings%3DeyJpZCI6MTQ5MCwidXJsIjoiaHR0cHM6XC9cL215OTk2LmZyXC93cC1jb250ZW50XC91cGxvYWRzXC8yMDIzXC8wOVwvQ2FwdHVyZS1kZWNyYW4tMjAyMy0wOS0xMS1hLTE0LjA1LjE5LnBuZyIsInNsaWRlc2hvdyI6ImM1YzUyMjEifQ%3D%3D\" href='https:\/\/my996.fr\/wp-content\/uploads\/2023\/09\/Capture-decran-2023-09-11-a-14.05.19.png'><img loading=\"lazy\" decoding=\"async\" width=\"300\" height=\"300\" src=\"https:\/\/my996.fr\/wp-content\/uploads\/2023\/09\/Capture-decran-2023-09-11-a-14.05.19-300x300.png\" class=\"attachment-medium size-medium\" alt=\"Installation radar de recul Porsche 996\" srcset=\"https:\/\/my996.fr\/wp-content\/uploads\/2023\/09\/Capture-decran-2023-09-11-a-14.05.19-300x300.png 300w, https:\/\/my996.fr\/wp-content\/uploads\/2023\/09\/Capture-decran-2023-09-11-a-14.05.19-150x150.png 150w, https:\/\/my996.fr\/wp-content\/uploads\/2023\/09\/Capture-decran-2023-09-11-a-14.05.19-100x100.png 100w, https:\/\/my996.fr\/wp-content\/uploads\/2023\/09\/Capture-decran-2023-09-11-a-14.05.19.png 568w\" sizes=\"(max-width: 300px) 100vw, 300px\" \/><\/a>\n\t\t\t<\/div><\/figure>\n\t\t<\/div>\n\t\t<\/div>\n\t\t\t\t\t\t<\/div>\n\t\t\t\t<\/div>\n\t\t\t\t<div class=\"elementor-element elementor-element-f584a14 elementor-widget elementor-widget-text-editor\" data-id=\"f584a14\" data-element_type=\"widget\" data-e-type=\"widget\" data-widget_type=\"text-editor.default\">\n\t\t\t\t<div class=\"elementor-widget-container\">\n\t\t\t\t\t\t\t\t\t<p><span style=\"text-align: justify;\">Une fois reli\u00e9 et le connecteur serr\u00e9 avec une pince, il ne reste plus qu&rsquo;\u00e0 rebrancher la cosse au PCM.<\/span><\/p>\t\t\t\t\t\t\t\t<\/div>\n\t\t\t\t<\/div>\n\t\t\t\t<div class=\"elementor-element elementor-element-b349805 elementor-widget elementor-widget-heading\" data-id=\"b349805\" data-element_type=\"widget\" data-e-type=\"widget\" data-widget_type=\"heading.default\">\n\t\t\t\t<div class=\"elementor-widget-container\">\n\t\t\t\t\t<h2 class=\"elementor-heading-title elementor-size-default\">remontage<\/h2>\t\t\t\t<\/div>\n\t\t\t\t<\/div>\n\t\t\t\t<div class=\"elementor-element elementor-element-3033203 elementor-widget elementor-widget-text-editor\" data-id=\"3033203\" data-element_type=\"widget\" data-e-type=\"widget\" data-widget_type=\"text-editor.default\">\n\t\t\t\t<div class=\"elementor-widget-container\">\n\t\t\t\t\t\t\t\t\t<p>Pour terminer l&rsquo;installation il ne reste plus qu&rsquo;\u00e0 remonter le PCM, la console centrale, la garniture arri\u00e8re, le haut parleur, la moquette arri\u00e8re, la banquette arri\u00e8re, le pare choc arri\u00e8re et la batterie.<\/p>\t\t\t\t\t\t\t\t<\/div>\n\t\t\t\t<\/div>\n\t\t\t\t\t<\/div>\n\t\t<\/div>\n\t\t\t\t\t<\/div>\n\t\t<\/section>\n\t\t\t\t<\/div>\n\t\t","protected":false},"excerpt":{"rendered":"<p>Dans ce tutoriel vous d\u00e9couvrirez comment installer des radars de recul \u00ab\u00a0Val\u00e9o\u00a0\u00bb sur le pare chocs arri\u00e8re de votre Porsche 996. Si votre 996 n&rsquo;as [&hellip;]<\/p>\n","protected":false},"author":1,"featured_media":1008,"comment_status":"open","ping_status":"open","sticky":false,"template":"","format":"gallery","meta":{"site-sidebar-layout":"default","site-content-layout":"","ast-site-content-layout":"default","site-content-style":"default","site-sidebar-style":"default","ast-global-header-display":"","ast-banner-title-visibility":"","ast-main-header-display":"","ast-hfb-above-header-display":"","ast-hfb-below-header-display":"","ast-hfb-mobile-header-display":"","site-post-title":"","ast-breadcrumbs-content":"","ast-featured-img":"","footer-sml-layout":"","theme-transparent-header-meta":"","adv-header-id-meta":"","stick-header-meta":"","header-above-stick-meta":"","header-main-stick-meta":"","header-below-stick-meta":"","astra-migrate-meta-layouts":"set","ast-page-background-enabled":"default","ast-page-background-meta":{"desktop":{"background-color":"var(--ast-global-color-4)","background-image":"","background-repeat":"repeat","background-position":"center center","background-size":"auto","background-attachment":"scroll","background-type":"","background-media":"","overlay-type":"","overlay-color":"","overlay-opacity":"","overlay-gradient":""},"tablet":{"background-color":"","background-image":"","background-repeat":"repeat","background-position":"center center","background-size":"auto","background-attachment":"scroll","background-type":"","background-media":"","overlay-type":"","overlay-color":"","overlay-opacity":"","overlay-gradient":""},"mobile":{"background-color":"","background-image":"","background-repeat":"repeat","background-position":"center center","background-size":"auto","background-attachment":"scroll","background-type":"","background-media":"","overlay-type":"","overlay-color":"","overlay-opacity":"","overlay-gradient":""}},"ast-content-background-meta":{"desktop":{"background-color":"var(--ast-global-color-5)","background-image":"","background-repeat":"repeat","background-position":"center center","background-size":"auto","background-attachment":"scroll","background-type":"","background-media":"","overlay-type":"","overlay-color":"","overlay-opacity":"","overlay-gradient":""},"tablet":{"background-color":"var(--ast-global-color-5)","background-image":"","background-repeat":"repeat","background-position":"center center","background-size":"auto","background-attachment":"scroll","background-type":"","background-media":"","overlay-type":"","overlay-color":"","overlay-opacity":"","overlay-gradient":""},"mobile":{"background-color":"var(--ast-global-color-5)","background-image":"","background-repeat":"repeat","background-position":"center center","background-size":"auto","background-attachment":"scroll","background-type":"","background-media":"","overlay-type":"","overlay-color":"","overlay-opacity":"","overlay-gradient":""}},"footnotes":""},"categories":[24,34,27],"tags":[],"class_list":["post-851","post","type-post","status-publish","format-gallery","has-post-thumbnail","hentry","category-carrosserie","category-divers","category-electricite","post_format-post-format-gallery"],"aioseo_notices":[],"_links":{"self":[{"href":"https:\/\/my996.fr\/index.php?rest_route=\/wp\/v2\/posts\/851","targetHints":{"allow":["GET"]}}],"collection":[{"href":"https:\/\/my996.fr\/index.php?rest_route=\/wp\/v2\/posts"}],"about":[{"href":"https:\/\/my996.fr\/index.php?rest_route=\/wp\/v2\/types\/post"}],"author":[{"embeddable":true,"href":"https:\/\/my996.fr\/index.php?rest_route=\/wp\/v2\/users\/1"}],"replies":[{"embeddable":true,"href":"https:\/\/my996.fr\/index.php?rest_route=%2Fwp%2Fv2%2Fcomments&post=851"}],"version-history":[{"count":246,"href":"https:\/\/my996.fr\/index.php?rest_route=\/wp\/v2\/posts\/851\/revisions"}],"predecessor-version":[{"id":2052,"href":"https:\/\/my996.fr\/index.php?rest_route=\/wp\/v2\/posts\/851\/revisions\/2052"}],"wp:featuredmedia":[{"embeddable":true,"href":"https:\/\/my996.fr\/index.php?rest_route=\/wp\/v2\/media\/1008"}],"wp:attachment":[{"href":"https:\/\/my996.fr\/index.php?rest_route=%2Fwp%2Fv2%2Fmedia&parent=851"}],"wp:term":[{"taxonomy":"category","embeddable":true,"href":"https:\/\/my996.fr\/index.php?rest_route=%2Fwp%2Fv2%2Fcategories&post=851"},{"taxonomy":"post_tag","embeddable":true,"href":"https:\/\/my996.fr\/index.php?rest_route=%2Fwp%2Fv2%2Ftags&post=851"}],"curies":[{"name":"wp","href":"https:\/\/api.w.org\/{rel}","templated":true}]}}