{"id":1502,"date":"2023-09-11T14:42:24","date_gmt":"2023-09-11T12:42:24","guid":{"rendered":"https:\/\/my996.fr\/?p=1502"},"modified":"2024-09-06T22:14:27","modified_gmt":"2024-09-06T20:14:27","slug":"porsche-996-demontage-de-la-console-centrale","status":"publish","type":"post","link":"https:\/\/my996.fr\/?p=1502","title":{"rendered":"Porsche 996 &#8211; D\u00e9montage de la console centrale"},"content":{"rendered":"\t\t<div data-elementor-type=\"wp-post\" data-elementor-id=\"1502\" class=\"elementor elementor-1502\" data-elementor-post-type=\"post\">\n\t\t\t\t<div class=\"elementor-element elementor-element-33e530f e-flex e-con-boxed e-con e-parent\" data-id=\"33e530f\" data-element_type=\"container\" data-e-type=\"container\">\n\t\t\t\t\t<div class=\"e-con-inner\">\n\t\t\t\t<div class=\"elementor-element elementor-element-a2a2c18 elementor-widget elementor-widget-spacer\" data-id=\"a2a2c18\" data-element_type=\"widget\" data-e-type=\"widget\" data-widget_type=\"spacer.default\">\n\t\t\t\t<div class=\"elementor-widget-container\">\n\t\t\t\t\t\t\t<div class=\"elementor-spacer\">\n\t\t\t<div class=\"elementor-spacer-inner\"><\/div>\n\t\t<\/div>\n\t\t\t\t\t\t<\/div>\n\t\t\t\t<\/div>\n\t\t\t\t<div class=\"elementor-element elementor-element-ae072a2 elementor-widget elementor-widget-text-editor\" data-id=\"ae072a2\" data-element_type=\"widget\" data-e-type=\"widget\" data-widget_type=\"text-editor.default\">\n\t\t\t\t<div class=\"elementor-widget-container\">\n\t\t\t\t\t\t\t\t\t<p><span style=\"text-align: justify;\">Dans ce tutoriel vous d\u00e9couvrirez comment d\u00e9monter la console centrale votre Porsche 996, nous en profiterons pour nettoyer la moquette et\u00a0<\/span>resserrer le c\u00e2ble du frein \u00e0 main.<\/p>\t\t\t\t\t\t\t\t<\/div>\n\t\t\t\t<\/div>\n\t\t\t\t\t<\/div>\n\t\t\t\t<\/div>\n\t\t<div class=\"elementor-element elementor-element-49da376f e-flex e-con-boxed e-con e-parent\" data-id=\"49da376f\" data-element_type=\"container\" data-e-type=\"container\">\n\t\t\t\t\t<div class=\"e-con-inner\">\n\t\t<div class=\"elementor-element elementor-element-16ac53ba e-con-full e-flex e-con e-child\" data-id=\"16ac53ba\" data-element_type=\"container\" data-e-type=\"container\">\n\t\t\t\t<div class=\"elementor-element elementor-element-210ee9b0 elementor-widget elementor-widget-progress\" data-id=\"210ee9b0\" data-element_type=\"widget\" data-e-type=\"widget\" data-widget_type=\"progress.default\">\n\t\t\t\t<div class=\"elementor-widget-container\">\n\t\t\t\t\t\t\t\t<span class=\"elementor-title\" id=\"elementor-progress-bar-210ee9b0\">\n\t\t\t\tDIFFICULT\u00c9\t\t\t<\/span>\n\t\t\n\t\t<div aria-labelledby=\"elementor-progress-bar-210ee9b0\" class=\"elementor-progress-wrapper\" role=\"progressbar\" aria-valuemin=\"0\" aria-valuemax=\"100\" aria-valuenow=\"10\">\n\t\t\t<div class=\"elementor-progress-bar\" data-max=\"10\">\n\t\t\t\t<span class=\"elementor-progress-text\"><\/span>\n\t\t\t\t\t\t\t<\/div>\n\t\t<\/div>\n\t\t\t\t\t\t<\/div>\n\t\t\t\t<\/div>\n\t\t\t\t<\/div>\n\t\t<div class=\"elementor-element elementor-element-53fece17 e-con-full e-flex e-con e-child\" data-id=\"53fece17\" data-element_type=\"container\" data-e-type=\"container\">\n\t\t\t\t<div class=\"elementor-element elementor-element-34611a1d elementor-widget elementor-widget-image\" data-id=\"34611a1d\" data-element_type=\"widget\" data-e-type=\"widget\" data-widget_type=\"image.default\">\n\t\t\t\t<div class=\"elementor-widget-container\">\n\t\t\t\t\t\t\t\t\t\t\t\t\t\t\t<img decoding=\"async\" width=\"150\" height=\"150\" src=\"https:\/\/my996.fr\/wp-content\/uploads\/2023\/09\/CHRONO-MASTER-30MIN-150x150.png\" class=\"attachment-thumbnail size-thumbnail wp-image-1691\" alt=\"\" srcset=\"https:\/\/my996.fr\/wp-content\/uploads\/2023\/09\/CHRONO-MASTER-30MIN-150x150.png 150w, https:\/\/my996.fr\/wp-content\/uploads\/2023\/09\/CHRONO-MASTER-30MIN-300x300.png 300w, https:\/\/my996.fr\/wp-content\/uploads\/2023\/09\/CHRONO-MASTER-30MIN-768x768.png 768w, https:\/\/my996.fr\/wp-content\/uploads\/2023\/09\/CHRONO-MASTER-30MIN-600x600.png 600w, https:\/\/my996.fr\/wp-content\/uploads\/2023\/09\/CHRONO-MASTER-30MIN-100x100.png 100w, https:\/\/my996.fr\/wp-content\/uploads\/2023\/09\/CHRONO-MASTER-30MIN.png 1000w\" sizes=\"(max-width: 150px) 100vw, 150px\" \/>\t\t\t\t\t\t\t\t\t\t\t\t\t\t\t<\/div>\n\t\t\t\t<\/div>\n\t\t\t\t<\/div>\n\t\t\t\t\t<\/div>\n\t\t\t\t<\/div>\n\t\t<div class=\"elementor-element elementor-element-2b3733d e-flex e-con-boxed e-con e-parent\" data-id=\"2b3733d\" data-element_type=\"container\" data-e-type=\"container\">\n\t\t\t\t\t<div class=\"e-con-inner\">\n\t\t<div class=\"elementor-element elementor-element-daa7a71 e-con-full e-flex e-con e-child\" data-id=\"daa7a71\" data-element_type=\"container\" data-e-type=\"container\">\n\t\t\t\t<div class=\"elementor-element elementor-element-3d9a1e9 elementor-widget elementor-widget-text-editor\" data-id=\"3d9a1e9\" data-element_type=\"widget\" data-e-type=\"widget\" data-widget_type=\"text-editor.default\">\n\t\t\t\t<div class=\"elementor-widget-container\">\n\t\t\t\t\t\t\t\t\t<p><span style=\"font-weight: bold;\">Outillage n\u00e9cessaire :<\/span><\/p><p>&#8211; Un tournevis plat<\/p><p>&#8211; Tournevis torx<\/p>\t\t\t\t\t\t\t\t<\/div>\n\t\t\t\t<\/div>\n\t\t\t\t<div class=\"elementor-element elementor-element-ed560be elementor-widget elementor-widget-heading\" data-id=\"ed560be\" data-element_type=\"widget\" data-e-type=\"widget\" data-widget_type=\"heading.default\">\n\t\t\t\t<div class=\"elementor-widget-container\">\n\t\t\t\t\t<h2 class=\"elementor-heading-title elementor-size-default\">D\u00e9montage de la console centrale<\/h2>\t\t\t\t<\/div>\n\t\t\t\t<\/div>\n\t\t\t\t<div class=\"elementor-element elementor-element-2160136 elementor-widget elementor-widget-heading\" data-id=\"2160136\" data-element_type=\"widget\" data-e-type=\"widget\" data-widget_type=\"heading.default\">\n\t\t\t\t<div class=\"elementor-widget-container\">\n\t\t\t\t\t<h3 class=\"elementor-heading-title elementor-size-default\">1 - D\u00e9montage compartiment du vide poche<\/h3>\t\t\t\t<\/div>\n\t\t\t\t<\/div>\n\t\t\t\t<div class=\"elementor-element elementor-element-22f900b elementor-widget elementor-widget-text-editor\" data-id=\"22f900b\" data-element_type=\"widget\" data-e-type=\"widget\" data-widget_type=\"text-editor.default\">\n\t\t\t\t<div class=\"elementor-widget-container\">\n\t\t\t\t\t\t\t\t\t<p>Dans un premier temps vous devez d\u00e9visser la vis situ\u00e9e sous le tapis de protection dans le vide poche de la console centrale. Il faut ensuite retirer la plaque en plastique donnant acc\u00e8s au c\u00e2ble de frein \u00e0 main.\u00a0<\/p><p>Un tutoriel est disponible expliquant comment resserrer le c\u00e2ble du frein \u00e0 main : <a title=\"Porsche 996 \u2013 Serrage du frein \u00e0 main\" href=\"https:\/\/my996.fr\/?p=1538\">Porsche 996 &#8211; Serrage du frein \u00e0 main<\/a><\/p><p>Deux vis doivent \u00eatre enlev\u00e9s une accessible et une sous le support de jeton, il faut pour cela enlever le support de jeton en soulevant celui-ci vers le haut \u00e0 l&rsquo;aide d&rsquo;un petit tournevis plat, la vis est juste en dessous.<\/p>\t\t\t\t\t\t\t\t<\/div>\n\t\t\t\t<\/div>\n\t\t\t\t<div class=\"elementor-element elementor-element-62c0025 elementor-widget elementor-widget-image-gallery\" data-id=\"62c0025\" data-element_type=\"widget\" data-e-type=\"widget\" data-widget_type=\"image-gallery.default\">\n\t\t\t\t<div class=\"elementor-widget-container\">\n\t\t\t\t\t\t\t<div class=\"elementor-image-gallery\">\n\t\t\t<div id='gallery-12' class='gallery galleryid-1502 gallery-columns-2 gallery-size-medium'><figure class='gallery-item'>\n\t\t\t<div class='gallery-icon landscape'>\n\t\t\t\t<a data-elementor-open-lightbox=\"yes\" data-elementor-lightbox-slideshow=\"62c0025\" data-elementor-lightbox-title=\"D\u00e9montage de la console centrale Porsche 996\" data-e-action-hash=\"#elementor-action%3Aaction%3Dlightbox%26settings%3DeyJpZCI6MTUxNSwidXJsIjoiaHR0cHM6XC9cL215OTk2LmZyXC93cC1jb250ZW50XC91cGxvYWRzXC8yMDIzXC8wOVwvQ09OU09MRS0xLWUxNjk0NTExNDEyMjQ2LnBuZyIsInNsaWRlc2hvdyI6IjYyYzAwMjUifQ%3D%3D\" href='https:\/\/my996.fr\/wp-content\/uploads\/2023\/09\/CONSOLE-1-e1694511412246.png'><img fetchpriority=\"high\" decoding=\"async\" width=\"300\" height=\"300\" src=\"https:\/\/my996.fr\/wp-content\/uploads\/2023\/09\/CONSOLE-1-e1694511412246-300x300.png\" class=\"attachment-medium size-medium\" alt=\"D\u00e9montage de la console centrale Porsche 996\" srcset=\"https:\/\/my996.fr\/wp-content\/uploads\/2023\/09\/CONSOLE-1-e1694511412246-300x300.png 300w, https:\/\/my996.fr\/wp-content\/uploads\/2023\/09\/CONSOLE-1-e1694511412246-1024x1024.png 1024w, https:\/\/my996.fr\/wp-content\/uploads\/2023\/09\/CONSOLE-1-e1694511412246-150x150.png 150w, https:\/\/my996.fr\/wp-content\/uploads\/2023\/09\/CONSOLE-1-e1694511412246-768x768.png 768w, https:\/\/my996.fr\/wp-content\/uploads\/2023\/09\/CONSOLE-1-e1694511412246-1536x1536.png 1536w, https:\/\/my996.fr\/wp-content\/uploads\/2023\/09\/CONSOLE-1-e1694511412246-2048x2048.png 2048w, https:\/\/my996.fr\/wp-content\/uploads\/2023\/09\/CONSOLE-1-e1694511412246-600x600.png 600w, https:\/\/my996.fr\/wp-content\/uploads\/2023\/09\/CONSOLE-1-e1694511412246-100x100.png 100w\" sizes=\"(max-width: 300px) 100vw, 300px\" \/><\/a>\n\t\t\t<\/div><\/figure><figure class='gallery-item'>\n\t\t\t<div class='gallery-icon landscape'>\n\t\t\t\t<a data-elementor-open-lightbox=\"yes\" data-elementor-lightbox-slideshow=\"62c0025\" data-elementor-lightbox-title=\"CONSOLE 2\" data-e-action-hash=\"#elementor-action%3Aaction%3Dlightbox%26settings%3DeyJpZCI6MTUxNiwidXJsIjoiaHR0cHM6XC9cL215OTk2LmZyXC93cC1jb250ZW50XC91cGxvYWRzXC8yMDIzXC8wOVwvQ09OU09MRS0yLWUxNjk0NTExNjYyMjk0LnBuZyIsInNsaWRlc2hvdyI6IjYyYzAwMjUifQ%3D%3D\" href='https:\/\/my996.fr\/wp-content\/uploads\/2023\/09\/CONSOLE-2-e1694511662294.png'><img decoding=\"async\" width=\"300\" height=\"300\" src=\"https:\/\/my996.fr\/wp-content\/uploads\/2023\/09\/CONSOLE-2-e1694511662294-300x300.png\" class=\"attachment-medium size-medium\" alt=\"\" srcset=\"https:\/\/my996.fr\/wp-content\/uploads\/2023\/09\/CONSOLE-2-e1694511662294-300x300.png 300w, https:\/\/my996.fr\/wp-content\/uploads\/2023\/09\/CONSOLE-2-e1694511662294-1024x1024.png 1024w, https:\/\/my996.fr\/wp-content\/uploads\/2023\/09\/CONSOLE-2-e1694511662294-150x150.png 150w, https:\/\/my996.fr\/wp-content\/uploads\/2023\/09\/CONSOLE-2-e1694511662294-768x768.png 768w, https:\/\/my996.fr\/wp-content\/uploads\/2023\/09\/CONSOLE-2-e1694511662294-1536x1536.png 1536w, https:\/\/my996.fr\/wp-content\/uploads\/2023\/09\/CONSOLE-2-e1694511662294-2048x2048.png 2048w, https:\/\/my996.fr\/wp-content\/uploads\/2023\/09\/CONSOLE-2-e1694511662294-600x600.png 600w, https:\/\/my996.fr\/wp-content\/uploads\/2023\/09\/CONSOLE-2-e1694511662294-100x100.png 100w\" sizes=\"(max-width: 300px) 100vw, 300px\" \/><\/a>\n\t\t\t<\/div><\/figure>\n\t\t<\/div>\n\t\t<\/div>\n\t\t\t\t\t\t<\/div>\n\t\t\t\t<\/div>\n\t\t\t\t<div class=\"elementor-element elementor-element-a25bb35 elementor-widget elementor-widget-image-gallery\" data-id=\"a25bb35\" data-element_type=\"widget\" data-e-type=\"widget\" data-widget_type=\"image-gallery.default\">\n\t\t\t\t<div class=\"elementor-widget-container\">\n\t\t\t\t\t\t\t<div class=\"elementor-image-gallery\">\n\t\t\t<div id='gallery-13' class='gallery galleryid-1502 gallery-columns-2 gallery-size-medium'><figure class='gallery-item'>\n\t\t\t<div class='gallery-icon landscape'>\n\t\t\t\t<a data-elementor-open-lightbox=\"yes\" data-elementor-lightbox-slideshow=\"a25bb35\" data-elementor-lightbox-title=\"CONSOLE 2\" data-e-action-hash=\"#elementor-action%3Aaction%3Dlightbox%26settings%3DeyJpZCI6MTUxNiwidXJsIjoiaHR0cHM6XC9cL215OTk2LmZyXC93cC1jb250ZW50XC91cGxvYWRzXC8yMDIzXC8wOVwvQ09OU09MRS0yLWUxNjk0NTExNjYyMjk0LnBuZyIsInNsaWRlc2hvdyI6ImEyNWJiMzUifQ%3D%3D\" href='https:\/\/my996.fr\/wp-content\/uploads\/2023\/09\/CONSOLE-2-e1694511662294.png'><img decoding=\"async\" width=\"300\" height=\"300\" src=\"https:\/\/my996.fr\/wp-content\/uploads\/2023\/09\/CONSOLE-2-e1694511662294-300x300.png\" class=\"attachment-medium size-medium\" alt=\"\" srcset=\"https:\/\/my996.fr\/wp-content\/uploads\/2023\/09\/CONSOLE-2-e1694511662294-300x300.png 300w, https:\/\/my996.fr\/wp-content\/uploads\/2023\/09\/CONSOLE-2-e1694511662294-1024x1024.png 1024w, https:\/\/my996.fr\/wp-content\/uploads\/2023\/09\/CONSOLE-2-e1694511662294-150x150.png 150w, https:\/\/my996.fr\/wp-content\/uploads\/2023\/09\/CONSOLE-2-e1694511662294-768x768.png 768w, https:\/\/my996.fr\/wp-content\/uploads\/2023\/09\/CONSOLE-2-e1694511662294-1536x1536.png 1536w, https:\/\/my996.fr\/wp-content\/uploads\/2023\/09\/CONSOLE-2-e1694511662294-2048x2048.png 2048w, https:\/\/my996.fr\/wp-content\/uploads\/2023\/09\/CONSOLE-2-e1694511662294-600x600.png 600w, https:\/\/my996.fr\/wp-content\/uploads\/2023\/09\/CONSOLE-2-e1694511662294-100x100.png 100w\" sizes=\"(max-width: 300px) 100vw, 300px\" \/><\/a>\n\t\t\t<\/div><\/figure><figure class='gallery-item'>\n\t\t\t<div class='gallery-icon landscape'>\n\t\t\t\t<a data-elementor-open-lightbox=\"yes\" data-elementor-lightbox-slideshow=\"a25bb35\" data-elementor-lightbox-title=\"D\u00e9montage de la console centrale Porsche 996\" data-e-action-hash=\"#elementor-action%3Aaction%3Dlightbox%26settings%3DeyJpZCI6MTUxNywidXJsIjoiaHR0cHM6XC9cL215OTk2LmZyXC93cC1jb250ZW50XC91cGxvYWRzXC8yMDIzXC8wOVwvQ09OU09MRS0zLWUxNjk0NTExOTg1Mzg5LnBuZyIsInNsaWRlc2hvdyI6ImEyNWJiMzUifQ%3D%3D\" href='https:\/\/my996.fr\/wp-content\/uploads\/2023\/09\/CONSOLE-3-e1694511985389.png'><img loading=\"lazy\" decoding=\"async\" width=\"300\" height=\"300\" src=\"https:\/\/my996.fr\/wp-content\/uploads\/2023\/09\/CONSOLE-3-e1694511985389-300x300.png\" class=\"attachment-medium size-medium\" alt=\"D\u00e9montage de la console centrale Porsche 996\" srcset=\"https:\/\/my996.fr\/wp-content\/uploads\/2023\/09\/CONSOLE-3-e1694511985389-300x300.png 300w, https:\/\/my996.fr\/wp-content\/uploads\/2023\/09\/CONSOLE-3-e1694511985389-1024x1024.png 1024w, https:\/\/my996.fr\/wp-content\/uploads\/2023\/09\/CONSOLE-3-e1694511985389-150x150.png 150w, https:\/\/my996.fr\/wp-content\/uploads\/2023\/09\/CONSOLE-3-e1694511985389-768x768.png 768w, https:\/\/my996.fr\/wp-content\/uploads\/2023\/09\/CONSOLE-3-e1694511985389-1536x1536.png 1536w, https:\/\/my996.fr\/wp-content\/uploads\/2023\/09\/CONSOLE-3-e1694511985389-2048x2048.png 2048w, https:\/\/my996.fr\/wp-content\/uploads\/2023\/09\/CONSOLE-3-e1694511985389-600x600.png 600w, https:\/\/my996.fr\/wp-content\/uploads\/2023\/09\/CONSOLE-3-e1694511985389-100x100.png 100w\" sizes=\"(max-width: 300px) 100vw, 300px\" \/><\/a>\n\t\t\t<\/div><\/figure>\n\t\t<\/div>\n\t\t<\/div>\n\t\t\t\t\t\t<\/div>\n\t\t\t\t<\/div>\n\t\t\t\t<div class=\"elementor-element elementor-element-c2669aa elementor-widget elementor-widget-heading\" data-id=\"c2669aa\" data-element_type=\"widget\" data-e-type=\"widget\" data-widget_type=\"heading.default\">\n\t\t\t\t<div class=\"elementor-widget-container\">\n\t\t\t\t\t<h3 class=\"elementor-heading-title elementor-size-default\">2 - d\u00e9montage du support de cendrier<\/h3>\t\t\t\t<\/div>\n\t\t\t\t<\/div>\n\t\t\t\t<div class=\"elementor-element elementor-element-4b44b18 elementor-widget elementor-widget-text-editor\" data-id=\"4b44b18\" data-element_type=\"widget\" data-e-type=\"widget\" data-widget_type=\"text-editor.default\">\n\t\t\t\t<div class=\"elementor-widget-container\">\n\t\t\t\t\t\t\t\t\t<p>Dans un premier temps, il faut ensuite enlever le cendrier et d\u00e9visser les deux vis en plastique maintenant le support \u00e0 la console centrale. Une fois d\u00e9viss\u00e9 et d\u00e9boit\u00e9 d\u00e9brancher la lampe d&rsquo;\u00e9clairage et les deux cosses branch\u00e9es aux interrupteurs des fen\u00eatres, cela peut varier en fonction de la finition de votre v\u00e9hicule.\u00a0<\/p>\t\t\t\t\t\t\t\t<\/div>\n\t\t\t\t<\/div>\n\t\t\t\t<div class=\"elementor-element elementor-element-e1e7e00 elementor-widget elementor-widget-image-gallery\" data-id=\"e1e7e00\" data-element_type=\"widget\" data-e-type=\"widget\" data-widget_type=\"image-gallery.default\">\n\t\t\t\t<div class=\"elementor-widget-container\">\n\t\t\t\t\t\t\t<div class=\"elementor-image-gallery\">\n\t\t\t<div id='gallery-14' class='gallery galleryid-1502 gallery-columns-2 gallery-size-medium'><figure class='gallery-item'>\n\t\t\t<div class='gallery-icon landscape'>\n\t\t\t\t<a data-elementor-open-lightbox=\"yes\" data-elementor-lightbox-slideshow=\"e1e7e00\" data-elementor-lightbox-title=\"D\u00e9montage de la console centrale Porsche 996\" data-e-action-hash=\"#elementor-action%3Aaction%3Dlightbox%26settings%3DeyJpZCI6MTUyMSwidXJsIjoiaHR0cHM6XC9cL215OTk2LmZyXC93cC1jb250ZW50XC91cGxvYWRzXC8yMDIzXC8wOVwvQ09OU09MRS03LWUxNjk0NTEyNTQ2MzgwLnBuZyIsInNsaWRlc2hvdyI6ImUxZTdlMDAifQ%3D%3D\" href='https:\/\/my996.fr\/wp-content\/uploads\/2023\/09\/CONSOLE-7-e1694512546380.png'><img loading=\"lazy\" decoding=\"async\" width=\"300\" height=\"300\" src=\"https:\/\/my996.fr\/wp-content\/uploads\/2023\/09\/CONSOLE-7-e1694512546380-300x300.png\" class=\"attachment-medium size-medium\" alt=\"D\u00e9montage de la console centrale Porsche 996\" srcset=\"https:\/\/my996.fr\/wp-content\/uploads\/2023\/09\/CONSOLE-7-e1694512546380-300x300.png 300w, https:\/\/my996.fr\/wp-content\/uploads\/2023\/09\/CONSOLE-7-e1694512546380-1024x1024.png 1024w, https:\/\/my996.fr\/wp-content\/uploads\/2023\/09\/CONSOLE-7-e1694512546380-150x150.png 150w, https:\/\/my996.fr\/wp-content\/uploads\/2023\/09\/CONSOLE-7-e1694512546380-768x768.png 768w, https:\/\/my996.fr\/wp-content\/uploads\/2023\/09\/CONSOLE-7-e1694512546380-1536x1536.png 1536w, https:\/\/my996.fr\/wp-content\/uploads\/2023\/09\/CONSOLE-7-e1694512546380-2048x2048.png 2048w, https:\/\/my996.fr\/wp-content\/uploads\/2023\/09\/CONSOLE-7-e1694512546380-600x600.png 600w, https:\/\/my996.fr\/wp-content\/uploads\/2023\/09\/CONSOLE-7-e1694512546380-100x100.png 100w\" sizes=\"(max-width: 300px) 100vw, 300px\" \/><\/a>\n\t\t\t<\/div><\/figure><figure class='gallery-item'>\n\t\t\t<div class='gallery-icon landscape'>\n\t\t\t\t<a data-elementor-open-lightbox=\"yes\" data-elementor-lightbox-slideshow=\"e1e7e00\" data-elementor-lightbox-title=\"D\u00e9montage de la console centrale Porsche 996\" data-e-action-hash=\"#elementor-action%3Aaction%3Dlightbox%26settings%3DeyJpZCI6MTUyMywidXJsIjoiaHR0cHM6XC9cL215OTk2LmZyXC93cC1jb250ZW50XC91cGxvYWRzXC8yMDIzXC8wOVwvQ09OU09MRS04LTEtZTE2OTQ1MTI4MTY1ODAucG5nIiwic2xpZGVzaG93IjoiZTFlN2UwMCJ9\" href='https:\/\/my996.fr\/wp-content\/uploads\/2023\/09\/CONSOLE-8-1-e1694512816580.png'><img loading=\"lazy\" decoding=\"async\" width=\"300\" height=\"300\" src=\"https:\/\/my996.fr\/wp-content\/uploads\/2023\/09\/CONSOLE-8-1-e1694512816580-300x300.png\" class=\"attachment-medium size-medium\" alt=\"D\u00e9montage de la console centrale Porsche 996\" srcset=\"https:\/\/my996.fr\/wp-content\/uploads\/2023\/09\/CONSOLE-8-1-e1694512816580-300x300.png 300w, https:\/\/my996.fr\/wp-content\/uploads\/2023\/09\/CONSOLE-8-1-e1694512816580-1024x1024.png 1024w, https:\/\/my996.fr\/wp-content\/uploads\/2023\/09\/CONSOLE-8-1-e1694512816580-150x150.png 150w, https:\/\/my996.fr\/wp-content\/uploads\/2023\/09\/CONSOLE-8-1-e1694512816580-768x768.png 768w, https:\/\/my996.fr\/wp-content\/uploads\/2023\/09\/CONSOLE-8-1-e1694512816580-1536x1536.png 1536w, https:\/\/my996.fr\/wp-content\/uploads\/2023\/09\/CONSOLE-8-1-e1694512816580-2048x2048.png 2048w, https:\/\/my996.fr\/wp-content\/uploads\/2023\/09\/CONSOLE-8-1-e1694512816580-600x600.png 600w, https:\/\/my996.fr\/wp-content\/uploads\/2023\/09\/CONSOLE-8-1-e1694512816580-100x100.png 100w\" sizes=\"(max-width: 300px) 100vw, 300px\" \/><\/a>\n\t\t\t<\/div><\/figure>\n\t\t<\/div>\n\t\t<\/div>\n\t\t\t\t\t\t<\/div>\n\t\t\t\t<\/div>\n\t\t\t\t<div class=\"elementor-element elementor-element-d0c7354 elementor-widget elementor-widget-heading\" data-id=\"d0c7354\" data-element_type=\"widget\" data-e-type=\"widget\" data-widget_type=\"heading.default\">\n\t\t\t\t<div class=\"elementor-widget-container\">\n\t\t\t\t\t<h3 class=\"elementor-heading-title elementor-size-default\">3 - D\u00e9montage du soufflet de levier de vitesse<\/h3>\t\t\t\t<\/div>\n\t\t\t\t<\/div>\n\t\t\t\t<div class=\"elementor-element elementor-element-93a53de elementor-widget elementor-widget-text-editor\" data-id=\"93a53de\" data-element_type=\"widget\" data-e-type=\"widget\" data-widget_type=\"text-editor.default\">\n\t\t\t\t<div class=\"elementor-widget-container\">\n\t\t\t\t\t\t\t\t\t<p>Soulever le soufflet avec un outil comme celui utilis\u00e9 sur la photo, il est possible d&rsquo;utiliser un tournevis plat enroul\u00e9 dans du tissu afin de ne pas abimer le cuir. Le cache du soufflet est simplement clips\u00e9, pour retirer le levier de vitesse, il faudra tirer vers le haut, attention \u00e0 ne pas le prendre dans la t\u00eate \ud83d\ude09<\/p><p>Une vis est pr\u00e9sente sous le cache, elle doit \u00eatre retir\u00e9e.<\/p>\t\t\t\t\t\t\t\t<\/div>\n\t\t\t\t<\/div>\n\t\t\t\t<div class=\"elementor-element elementor-element-64272f6 elementor-widget elementor-widget-image-gallery\" data-id=\"64272f6\" data-element_type=\"widget\" data-e-type=\"widget\" data-widget_type=\"image-gallery.default\">\n\t\t\t\t<div class=\"elementor-widget-container\">\n\t\t\t\t\t\t\t<div class=\"elementor-image-gallery\">\n\t\t\t<div id='gallery-15' class='gallery galleryid-1502 gallery-columns-2 gallery-size-medium'><figure class='gallery-item'>\n\t\t\t<div class='gallery-icon landscape'>\n\t\t\t\t<a data-elementor-open-lightbox=\"yes\" data-elementor-lightbox-slideshow=\"64272f6\" data-elementor-lightbox-title=\"D\u00e9montage de la console centrale Porsche 996\" data-e-action-hash=\"#elementor-action%3Aaction%3Dlightbox%26settings%3DeyJpZCI6MTUyNCwidXJsIjoiaHR0cHM6XC9cL215OTk2LmZyXC93cC1jb250ZW50XC91cGxvYWRzXC8yMDIzXC8wOVwvSU1HXzExODItc2NhbGVkLWUxNzI1NjUxMTc2OTg2LmpwZWciLCJzbGlkZXNob3ciOiI2NDI3MmY2In0%3D\" href='https:\/\/my996.fr\/wp-content\/uploads\/2023\/09\/IMG_1182-scaled-e1725651176986.jpeg'><img loading=\"lazy\" decoding=\"async\" width=\"300\" height=\"300\" src=\"https:\/\/my996.fr\/wp-content\/uploads\/2023\/09\/IMG_1182-scaled-e1725651176986-300x300.jpeg\" class=\"attachment-medium size-medium\" alt=\"D\u00e9montage de la console centrale Porsche 996\" srcset=\"https:\/\/my996.fr\/wp-content\/uploads\/2023\/09\/IMG_1182-scaled-e1725651176986-300x300.jpeg 300w, https:\/\/my996.fr\/wp-content\/uploads\/2023\/09\/IMG_1182-scaled-e1725651176986-1024x1024.jpeg 1024w, https:\/\/my996.fr\/wp-content\/uploads\/2023\/09\/IMG_1182-scaled-e1725651176986-150x150.jpeg 150w, https:\/\/my996.fr\/wp-content\/uploads\/2023\/09\/IMG_1182-scaled-e1725651176986-768x768.jpeg 768w, https:\/\/my996.fr\/wp-content\/uploads\/2023\/09\/IMG_1182-scaled-e1725651176986-1536x1536.jpeg 1536w, https:\/\/my996.fr\/wp-content\/uploads\/2023\/09\/IMG_1182-scaled-e1725651176986-600x600.jpeg 600w, https:\/\/my996.fr\/wp-content\/uploads\/2023\/09\/IMG_1182-scaled-e1725651176986-100x100.jpeg 100w, https:\/\/my996.fr\/wp-content\/uploads\/2023\/09\/IMG_1182-scaled-e1725651176986.jpeg 1920w\" sizes=\"(max-width: 300px) 100vw, 300px\" \/><\/a>\n\t\t\t<\/div><\/figure><figure class='gallery-item'>\n\t\t\t<div class='gallery-icon landscape'>\n\t\t\t\t<a data-elementor-open-lightbox=\"yes\" data-elementor-lightbox-slideshow=\"64272f6\" data-elementor-lightbox-title=\"D\u00e9montage de la console centrale Porsche 996\" data-e-action-hash=\"#elementor-action%3Aaction%3Dlightbox%26settings%3DeyJpZCI6MTUyNSwidXJsIjoiaHR0cHM6XC9cL215OTk2LmZyXC93cC1jb250ZW50XC91cGxvYWRzXC8yMDIzXC8wOVwvQ09OU09MRS01LTEtZTE3MjU2NTEyMjAzMjcucG5nIiwic2xpZGVzaG93IjoiNjQyNzJmNiJ9\" href='https:\/\/my996.fr\/wp-content\/uploads\/2023\/09\/CONSOLE-5-1-e1725651220327.png'><img loading=\"lazy\" decoding=\"async\" width=\"300\" height=\"300\" src=\"https:\/\/my996.fr\/wp-content\/uploads\/2023\/09\/CONSOLE-5-1-e1725651220327-300x300.png\" class=\"attachment-medium size-medium\" alt=\"D\u00e9montage de la console centrale Porsche 996\" srcset=\"https:\/\/my996.fr\/wp-content\/uploads\/2023\/09\/CONSOLE-5-1-e1725651220327-300x300.png 300w, https:\/\/my996.fr\/wp-content\/uploads\/2023\/09\/CONSOLE-5-1-e1725651220327-1024x1024.png 1024w, https:\/\/my996.fr\/wp-content\/uploads\/2023\/09\/CONSOLE-5-1-e1725651220327-150x150.png 150w, https:\/\/my996.fr\/wp-content\/uploads\/2023\/09\/CONSOLE-5-1-e1725651220327-768x768.png 768w, https:\/\/my996.fr\/wp-content\/uploads\/2023\/09\/CONSOLE-5-1-e1725651220327-1536x1536.png 1536w, https:\/\/my996.fr\/wp-content\/uploads\/2023\/09\/CONSOLE-5-1-e1725651220327-2048x2048.png 2048w, https:\/\/my996.fr\/wp-content\/uploads\/2023\/09\/CONSOLE-5-1-e1725651220327-600x600.png 600w, https:\/\/my996.fr\/wp-content\/uploads\/2023\/09\/CONSOLE-5-1-e1725651220327-100x100.png 100w\" sizes=\"(max-width: 300px) 100vw, 300px\" \/><\/a>\n\t\t\t<\/div><\/figure>\n\t\t<\/div>\n\t\t<\/div>\n\t\t\t\t\t\t<\/div>\n\t\t\t\t<\/div>\n\t\t\t\t<div class=\"elementor-element elementor-element-848eebf elementor-widget elementor-widget-heading\" data-id=\"848eebf\" data-element_type=\"widget\" data-e-type=\"widget\" data-widget_type=\"heading.default\">\n\t\t\t\t<div class=\"elementor-widget-container\">\n\t\t\t\t\t<h3 class=\"elementor-heading-title elementor-size-default\">4 - D\u00e9montage du cache lat\u00e9ral <\/h3>\t\t\t\t<\/div>\n\t\t\t\t<\/div>\n\t\t\t\t<div class=\"elementor-element elementor-element-55fcbc2 elementor-widget elementor-widget-text-editor\" data-id=\"55fcbc2\" data-element_type=\"widget\" data-e-type=\"widget\" data-widget_type=\"text-editor.default\">\n\t\t\t\t<div class=\"elementor-widget-container\">\n\t\t\t\t\t\t\t\t\t<p>Proc\u00e9der ensuite au d\u00e9montage du cache lat\u00e9ral, avant de retirer la console il faudra d\u00e9brancher le c\u00e2ble du capteur de frein \u00e0 main.<\/p>\t\t\t\t\t\t\t\t<\/div>\n\t\t\t\t<\/div>\n\t\t\t\t<div class=\"elementor-element elementor-element-6fff758 elementor-widget elementor-widget-gallery\" data-id=\"6fff758\" data-element_type=\"widget\" data-e-type=\"widget\" data-settings=\"{&quot;columns&quot;:2,&quot;aspect_ratio&quot;:&quot;1:1&quot;,&quot;lazyload&quot;:&quot;yes&quot;,&quot;gallery_layout&quot;:&quot;grid&quot;,&quot;columns_tablet&quot;:2,&quot;columns_mobile&quot;:1,&quot;gap&quot;:{&quot;unit&quot;:&quot;px&quot;,&quot;size&quot;:10,&quot;sizes&quot;:[]},&quot;gap_tablet&quot;:{&quot;unit&quot;:&quot;px&quot;,&quot;size&quot;:10,&quot;sizes&quot;:[]},&quot;gap_mobile&quot;:{&quot;unit&quot;:&quot;px&quot;,&quot;size&quot;:10,&quot;sizes&quot;:[]},&quot;link_to&quot;:&quot;file&quot;,&quot;overlay_background&quot;:&quot;yes&quot;,&quot;content_hover_animation&quot;:&quot;fade-in&quot;}\" data-widget_type=\"gallery.default\">\n\t\t\t\t<div class=\"elementor-widget-container\">\n\t\t\t\t\t\t\t<div class=\"elementor-gallery__container\">\n\t\t\t\t\t\t\t<a class=\"e-gallery-item elementor-gallery-item elementor-animated-content\" href=\"https:\/\/my996.fr\/wp-content\/uploads\/2023\/09\/CONSOLE-4-e1725652867199.png\" data-elementor-open-lightbox=\"yes\" data-elementor-lightbox-slideshow=\"6fff758\" data-elementor-lightbox-title=\"D\u00e9montage de la console centrale Porsche 996\" data-e-action-hash=\"#elementor-action%3Aaction%3Dlightbox%26settings%3DeyJpZCI6MTUxOCwidXJsIjoiaHR0cHM6XC9cL215OTk2LmZyXC93cC1jb250ZW50XC91cGxvYWRzXC8yMDIzXC8wOVwvQ09OU09MRS00LWUxNzI1NjUyODY3MTk5LnBuZyIsInNsaWRlc2hvdyI6IjZmZmY3NTgifQ%3D%3D\">\n\t\t\t\t\t<div class=\"e-gallery-image elementor-gallery-item__image\" data-thumbnail=\"https:\/\/my996.fr\/wp-content\/uploads\/2023\/09\/CONSOLE-4-e1725652867199-300x300.png\" data-width=\"300\" data-height=\"300\" aria-label=\"D\u00e9montage de la console centrale Porsche 996\" role=\"img\" ><\/div>\n\t\t\t\t\t\t\t\t\t\t\t<div class=\"elementor-gallery-item__overlay\"><\/div>\n\t\t\t\t\t\t\t\t\t\t\t\t\t\t<\/a>\n\t\t\t\t\t<\/div>\n\t\t\t\t\t<\/div>\n\t\t\t\t<\/div>\n\t\t\t\t<div class=\"elementor-element elementor-element-cad20a3 elementor-widget elementor-widget-heading\" data-id=\"cad20a3\" data-element_type=\"widget\" data-e-type=\"widget\" data-widget_type=\"heading.default\">\n\t\t\t\t<div class=\"elementor-widget-container\">\n\t\t\t\t\t<h2 class=\"elementor-heading-title elementor-size-default\">retrait de la console<\/h2>\t\t\t\t<\/div>\n\t\t\t\t<\/div>\n\t\t\t\t<div class=\"elementor-element elementor-element-93a53f2 elementor-widget elementor-widget-text-editor\" data-id=\"93a53f2\" data-element_type=\"widget\" data-e-type=\"widget\" data-widget_type=\"text-editor.default\">\n\t\t\t\t<div class=\"elementor-widget-container\">\n\t\t\t\t\t\t\t\t\t<p>Maintenant plus aucune vis ne retient la console centrale, il va falloir la manipuler avec pr\u00e9caution en jouant avec le levier de vitesse pour la lib\u00e9rer. Astuce enclench\u00e9 les vitesses permet de gagner en marge de d\u00e9placement.<\/p>\n<p><\/p>\t\t\t\t\t\t\t\t<\/div>\n\t\t\t\t<\/div>\n\t\t\t\t<div class=\"elementor-element elementor-element-a97e2e5 elementor-widget elementor-widget-heading\" data-id=\"a97e2e5\" data-element_type=\"widget\" data-e-type=\"widget\" data-widget_type=\"heading.default\">\n\t\t\t\t<div class=\"elementor-widget-container\">\n\t\t\t\t\t<h2 class=\"elementor-heading-title elementor-size-default\">Remontage de la console<\/h2>\t\t\t\t<\/div>\n\t\t\t\t<\/div>\n\t\t\t\t<div class=\"elementor-element elementor-element-6c8b4d7 elementor-widget elementor-widget-text-editor\" data-id=\"6c8b4d7\" data-element_type=\"widget\" data-e-type=\"widget\" data-widget_type=\"text-editor.default\">\n\t\t\t\t<div class=\"elementor-widget-container\">\n\t\t\t\t\t\t\t\t\t<p>Pour le remontage, il faudra proc\u00e9der dans le sens inverse en veillant \u00e0 bien reconnecter l&rsquo;ensemble des c\u00e2bles du cendrier et du capteur de frein \u00e0 main.<\/p>\t\t\t\t\t\t\t\t<\/div>\n\t\t\t\t<\/div>\n\t\t\t\t<\/div>\n\t\t\t\t\t<\/div>\n\t\t\t\t<\/div>\n\t\t\t\t<\/div>\n\t\t","protected":false},"excerpt":{"rendered":"<p>Dans ce tutoriel vous d\u00e9couvrirez comment d\u00e9monter la console centrale votre Porsche 996, nous en profiterons pour nettoyer la moquette et\u00a0resserrer le c\u00e2ble du frein [&hellip;]<\/p>\n","protected":false},"author":1,"featured_media":1518,"comment_status":"open","ping_status":"open","sticky":false,"template":"","format":"gallery","meta":{"site-sidebar-layout":"default","site-content-layout":"","ast-site-content-layout":"default","site-content-style":"default","site-sidebar-style":"default","ast-global-header-display":"","ast-banner-title-visibility":"","ast-main-header-display":"","ast-hfb-above-header-display":"","ast-hfb-below-header-display":"","ast-hfb-mobile-header-display":"","site-post-title":"","ast-breadcrumbs-content":"","ast-featured-img":"","footer-sml-layout":"","theme-transparent-header-meta":"","adv-header-id-meta":"","stick-header-meta":"","header-above-stick-meta":"","header-main-stick-meta":"","header-below-stick-meta":"","astra-migrate-meta-layouts":"set","ast-page-background-enabled":"default","ast-page-background-meta":{"desktop":{"background-color":"var(--ast-global-color-4)","background-image":"","background-repeat":"repeat","background-position":"center center","background-size":"auto","background-attachment":"scroll","background-type":"","background-media":"","overlay-type":"","overlay-color":"","overlay-opacity":"","overlay-gradient":""},"tablet":{"background-color":"","background-image":"","background-repeat":"repeat","background-position":"center center","background-size":"auto","background-attachment":"scroll","background-type":"","background-media":"","overlay-type":"","overlay-color":"","overlay-opacity":"","overlay-gradient":""},"mobile":{"background-color":"","background-image":"","background-repeat":"repeat","background-position":"center center","background-size":"auto","background-attachment":"scroll","background-type":"","background-media":"","overlay-type":"","overlay-color":"","overlay-opacity":"","overlay-gradient":""}},"ast-content-background-meta":{"desktop":{"background-color":"var(--ast-global-color-5)","background-image":"","background-repeat":"repeat","background-position":"center center","background-size":"auto","background-attachment":"scroll","background-type":"","background-media":"","overlay-type":"","overlay-color":"","overlay-opacity":"","overlay-gradient":""},"tablet":{"background-color":"var(--ast-global-color-5)","background-image":"","background-repeat":"repeat","background-position":"center center","background-size":"auto","background-attachment":"scroll","background-type":"","background-media":"","overlay-type":"","overlay-color":"","overlay-opacity":"","overlay-gradient":""},"mobile":{"background-color":"var(--ast-global-color-5)","background-image":"","background-repeat":"repeat","background-position":"center center","background-size":"auto","background-attachment":"scroll","background-type":"","background-media":"","overlay-type":"","overlay-color":"","overlay-opacity":"","overlay-gradient":""}},"footnotes":""},"categories":[28],"tags":[],"class_list":["post-1502","post","type-post","status-publish","format-gallery","has-post-thumbnail","hentry","category-habitacle","post_format-post-format-gallery"],"aioseo_notices":[],"_links":{"self":[{"href":"https:\/\/my996.fr\/index.php?rest_route=\/wp\/v2\/posts\/1502","targetHints":{"allow":["GET"]}}],"collection":[{"href":"https:\/\/my996.fr\/index.php?rest_route=\/wp\/v2\/posts"}],"about":[{"href":"https:\/\/my996.fr\/index.php?rest_route=\/wp\/v2\/types\/post"}],"author":[{"embeddable":true,"href":"https:\/\/my996.fr\/index.php?rest_route=\/wp\/v2\/users\/1"}],"replies":[{"embeddable":true,"href":"https:\/\/my996.fr\/index.php?rest_route=%2Fwp%2Fv2%2Fcomments&post=1502"}],"version-history":[{"count":63,"href":"https:\/\/my996.fr\/index.php?rest_route=\/wp\/v2\/posts\/1502\/revisions"}],"predecessor-version":[{"id":2853,"href":"https:\/\/my996.fr\/index.php?rest_route=\/wp\/v2\/posts\/1502\/revisions\/2853"}],"wp:featuredmedia":[{"embeddable":true,"href":"https:\/\/my996.fr\/index.php?rest_route=\/wp\/v2\/media\/1518"}],"wp:attachment":[{"href":"https:\/\/my996.fr\/index.php?rest_route=%2Fwp%2Fv2%2Fmedia&parent=1502"}],"wp:term":[{"taxonomy":"category","embeddable":true,"href":"https:\/\/my996.fr\/index.php?rest_route=%2Fwp%2Fv2%2Fcategories&post=1502"},{"taxonomy":"post_tag","embeddable":true,"href":"https:\/\/my996.fr\/index.php?rest_route=%2Fwp%2Fv2%2Ftags&post=1502"}],"curies":[{"name":"wp","href":"https:\/\/api.w.org\/{rel}","templated":true}]}}